{"id":1628,"date":"2013-02-06T17:49:07","date_gmt":"2013-02-06T16:49:07","guid":{"rendered":"https:\/\/www.materdominivolley.it\/home\/2013\/02\/06\/campioni-dinverno-risultato-eccezionale\/"},"modified":"2013-02-06T17:49:07","modified_gmt":"2013-02-06T16:49:07","slug":"campioni-dinverno-risultato-eccezionale","status":"publish","type":"post","link":"https:\/\/www.materdominivolley.it\/home\/2013\/02\/06\/campioni-dinverno-risultato-eccezionale\/","title":{"rendered":"&#8220;Campioni d&#8217;inverno, risultato eccezionale&#8221;"},"content":{"rendered":"\n        <p>\n\tNon poteva concludersi meglio il girone d&#39;andata per la prima formazione dell&#39;accademia del volley pugliese. La <strong>Materdomini Castellana Grotte<\/strong> festeggia cos\u00ec il titolo di campione d&#39;inverno nel campionato nazionale di pallavolo maschile serie B1 girone C. Pertanto, all&#39;indomani della tredicesima giornata del terzo campionato italiano la formazione del tecnico <strong>Franco Castiglia<\/strong> si gode, con ben dieci vittorie, la meritata pausa di riposo. L&#39;enorme soddisfazione dell&#39;intero ambiente giallobl\u00f9 \u00e8 espressa dalle parole del presidente <strong>Michele Miccolis<\/strong> che cos\u00ec esordisce: \u201cPer noi questo \u00e8 un risultato sudato che vale doppio. Chiudere il girone con 26 punti in classifica condivisi con la corazzata Casandrino sulla quale, tra l&#39;altro, vantiamo anche una vittoria in pi\u00f9 &#8211; commenta il massimo dirigente del club di corso Sonnino -\u00e8 un risultato eccezionale perch\u00e9 ottenuto in condizioni logistiche-organizzative a dir poco precarie. Ricordo che questa squadra finora ha disputato le partite casalinghe presso un impianto, il Polisportivo di via Pertini, dove ha la possibilit\u00e0 di allenarsi solo il sabato mattina, in quanto per problemi che non sto qui a riprendere, il resto degli allenamenti sono effettuati presso la Palestra Comunale di via Poerio e presso il palazzetto di Gioia del Colle dove ci rechiamo per ben due volte alla settimana. Pertanto, mi sia consentito un particolare ringraziamento all&#39;amministrazione comunale di Gioia per la sempre cortese disponibilit\u00e0 accordataci. Alla luce di tutte queste considerazioni siamo felicissimi degli ottimi risultati conquistati in campo e confidiamo sempre pi\u00f9 che a Castellana torni il buon senso. Ci\u00f2 che pi\u00f9 di tutto ci rende orgogliosi \u00e8 proprio il crescente miglioramento dei giovani ragazzi under 19, neocampioni provinciali, impegnati in B1. Ricordo, infatti, che questo progetto \u00e8 strumentale alla crescita di questi ragazzi che mirano nel campionato giovanile ad accedere alla fase nazionale. D&#39;altronde la tabella di marcia del settore giovanile prosegue nel suo cammino con ottimi risultati, infatti, sia l&#39;U17 sia l&#39;U15 sono primi nei rispettivi gironi provinciali. L&#39;obiettivo societario stagionale \u00e8 far salire l&#39;intero vivaio Materdomini sul palcoscenico nazionale, per ora siamo sulla buona strada\u201d<\/p>\n        ","protected":false},"excerpt":{"rendered":"<p><!-- wp:paragraph --><br \/>\n        Intervista al presidente in occasione della pausa dopo la conclusione del girone di andata<br \/>\n        <!-- \/wp:paragraph --><\/p>\n","protected":false},"author":1,"featured_media":1369,"comment_status":"open","ping_status":"closed","sticky":false,"template":"","format":"standard","meta":{"footnotes":""},"categories":[],"tags":[],"class_list":["post-1628","post","type-post","status-publish","format-standard","has-post-thumbnail","hentry"],"yoast_head":"<!-- This site is optimized with the Yoast SEO plugin v27.4 - https:\/\/yoast.com\/product\/yoast-seo-wordpress\/ -->\n<title>&quot;Campioni d&#039;inverno, risultato eccezionale&quot; - materdominivolley<\/title>\n<meta name=\"robots\" content=\"index, follow, max-snippet:-1, max-image-preview:large, max-video-preview:-1\" \/>\n<link rel=\"canonical\" href=\"https:\/\/www.materdominivolley.it\/home\/2013\/02\/06\/campioni-dinverno-risultato-eccezionale\/\" \/>\n<meta property=\"og:locale\" content=\"it_IT\" \/>\n<meta property=\"og:type\" content=\"article\" \/>\n<meta property=\"og:title\" content=\"&quot;Campioni d&#039;inverno, risultato eccezionale&quot; - materdominivolley\" \/>\n<meta property=\"og:description\" content=\"Intervista al presidente in occasione della pausa dopo la conclusione del girone di andata\" \/>\n<meta property=\"og:url\" content=\"https:\/\/www.materdominivolley.it\/home\/2013\/02\/06\/campioni-dinverno-risultato-eccezionale\/\" \/>\n<meta property=\"og:site_name\" content=\"materdominivolley\" \/>\n<meta property=\"article:publisher\" content=\"https:\/\/www.facebook.com\/materdominivolleyit\/\" \/>\n<meta property=\"article:published_time\" content=\"2013-02-06T16:49:07+00:00\" \/>\n<meta property=\"og:image\" content=\"https:\/\/www.materdominivolley.it\/home\/wp-content\/uploads\/2019\/09\/miccolis.jpg\" \/>\n\t<meta property=\"og:image:width\" content=\"980\" \/>\n\t<meta property=\"og:image:height\" content=\"400\" \/>\n\t<meta property=\"og:image:type\" content=\"image\/jpeg\" \/>\n<meta name=\"author\" content=\"admin-mater\" \/>\n<meta name=\"twitter:card\" content=\"summary_large_image\" \/>\n<meta name=\"twitter:label1\" content=\"Scritto da\" \/>\n\t<meta name=\"twitter:data1\" content=\"admin-mater\" \/>\n\t<meta name=\"twitter:label2\" content=\"Tempo di lettura stimato\" \/>\n\t<meta name=\"twitter:data2\" content=\"2 minuti\" \/>\n<script type=\"application\/ld+json\" class=\"yoast-schema-graph\">{\"@context\":\"https:\\\/\\\/schema.org\",\"@graph\":[{\"@type\":\"Article\",\"@id\":\"https:\\\/\\\/www.materdominivolley.it\\\/home\\\/2013\\\/02\\\/06\\\/campioni-dinverno-risultato-eccezionale\\\/#article\",\"isPartOf\":{\"@id\":\"https:\\\/\\\/www.materdominivolley.it\\\/home\\\/2013\\\/02\\\/06\\\/campioni-dinverno-risultato-eccezionale\\\/\"},\"author\":{\"name\":\"admin-mater\",\"@id\":\"https:\\\/\\\/www.materdominivolley.it\\\/home\\\/#\\\/schema\\\/person\\\/86961330b970aecf0b9729df84069339\"},\"headline\":\"&#8220;Campioni d&#8217;inverno, risultato eccezionale&#8221;\",\"datePublished\":\"2013-02-06T16:49:07+00:00\",\"mainEntityOfPage\":{\"@id\":\"https:\\\/\\\/www.materdominivolley.it\\\/home\\\/2013\\\/02\\\/06\\\/campioni-dinverno-risultato-eccezionale\\\/\"},\"wordCount\":344,\"commentCount\":0,\"publisher\":{\"@id\":\"https:\\\/\\\/www.materdominivolley.it\\\/home\\\/#organization\"},\"image\":{\"@id\":\"https:\\\/\\\/www.materdominivolley.it\\\/home\\\/2013\\\/02\\\/06\\\/campioni-dinverno-risultato-eccezionale\\\/#primaryimage\"},\"thumbnailUrl\":\"https:\\\/\\\/www.materdominivolley.it\\\/home\\\/wp-content\\\/uploads\\\/2019\\\/09\\\/miccolis.jpg\",\"inLanguage\":\"it-IT\",\"potentialAction\":[{\"@type\":\"CommentAction\",\"name\":\"Comment\",\"target\":[\"https:\\\/\\\/www.materdominivolley.it\\\/home\\\/2013\\\/02\\\/06\\\/campioni-dinverno-risultato-eccezionale\\\/#respond\"]}]},{\"@type\":\"WebPage\",\"@id\":\"https:\\\/\\\/www.materdominivolley.it\\\/home\\\/2013\\\/02\\\/06\\\/campioni-dinverno-risultato-eccezionale\\\/\",\"url\":\"https:\\\/\\\/www.materdominivolley.it\\\/home\\\/2013\\\/02\\\/06\\\/campioni-dinverno-risultato-eccezionale\\\/\",\"name\":\"\\\"Campioni d'inverno, risultato eccezionale\\\" - materdominivolley\",\"isPartOf\":{\"@id\":\"https:\\\/\\\/www.materdominivolley.it\\\/home\\\/#website\"},\"primaryImageOfPage\":{\"@id\":\"https:\\\/\\\/www.materdominivolley.it\\\/home\\\/2013\\\/02\\\/06\\\/campioni-dinverno-risultato-eccezionale\\\/#primaryimage\"},\"image\":{\"@id\":\"https:\\\/\\\/www.materdominivolley.it\\\/home\\\/2013\\\/02\\\/06\\\/campioni-dinverno-risultato-eccezionale\\\/#primaryimage\"},\"thumbnailUrl\":\"https:\\\/\\\/www.materdominivolley.it\\\/home\\\/wp-content\\\/uploads\\\/2019\\\/09\\\/miccolis.jpg\",\"datePublished\":\"2013-02-06T16:49:07+00:00\",\"breadcrumb\":{\"@id\":\"https:\\\/\\\/www.materdominivolley.it\\\/home\\\/2013\\\/02\\\/06\\\/campioni-dinverno-risultato-eccezionale\\\/#breadcrumb\"},\"inLanguage\":\"it-IT\",\"potentialAction\":[{\"@type\":\"ReadAction\",\"target\":[\"https:\\\/\\\/www.materdominivolley.it\\\/home\\\/2013\\\/02\\\/06\\\/campioni-dinverno-risultato-eccezionale\\\/\"]}]},{\"@type\":\"ImageObject\",\"inLanguage\":\"it-IT\",\"@id\":\"https:\\\/\\\/www.materdominivolley.it\\\/home\\\/2013\\\/02\\\/06\\\/campioni-dinverno-risultato-eccezionale\\\/#primaryimage\",\"url\":\"https:\\\/\\\/www.materdominivolley.it\\\/home\\\/wp-content\\\/uploads\\\/2019\\\/09\\\/miccolis.jpg\",\"contentUrl\":\"https:\\\/\\\/www.materdominivolley.it\\\/home\\\/wp-content\\\/uploads\\\/2019\\\/09\\\/miccolis.jpg\",\"width\":980,\"height\":400},{\"@type\":\"BreadcrumbList\",\"@id\":\"https:\\\/\\\/www.materdominivolley.it\\\/home\\\/2013\\\/02\\\/06\\\/campioni-dinverno-risultato-eccezionale\\\/#breadcrumb\",\"itemListElement\":[{\"@type\":\"ListItem\",\"position\":1,\"name\":\"Home\",\"item\":\"https:\\\/\\\/www.materdominivolley.it\\\/home\\\/\"},{\"@type\":\"ListItem\",\"position\":2,\"name\":\"&#8220;Campioni d&#8217;inverno, risultato eccezionale&#8221;\"}]},{\"@type\":\"WebSite\",\"@id\":\"https:\\\/\\\/www.materdominivolley.it\\\/home\\\/#website\",\"url\":\"https:\\\/\\\/www.materdominivolley.it\\\/home\\\/\",\"name\":\"materdominivolley\",\"description\":\"\",\"publisher\":{\"@id\":\"https:\\\/\\\/www.materdominivolley.it\\\/home\\\/#organization\"},\"potentialAction\":[{\"@type\":\"SearchAction\",\"target\":{\"@type\":\"EntryPoint\",\"urlTemplate\":\"https:\\\/\\\/www.materdominivolley.it\\\/home\\\/?s={search_term_string}\"},\"query-input\":{\"@type\":\"PropertyValueSpecification\",\"valueRequired\":true,\"valueName\":\"search_term_string\"}}],\"inLanguage\":\"it-IT\"},{\"@type\":\"Organization\",\"@id\":\"https:\\\/\\\/www.materdominivolley.it\\\/home\\\/#organization\",\"name\":\"Materdominivolley.it\",\"url\":\"https:\\\/\\\/www.materdominivolley.it\\\/home\\\/\",\"logo\":{\"@type\":\"ImageObject\",\"inLanguage\":\"it-IT\",\"@id\":\"https:\\\/\\\/www.materdominivolley.it\\\/home\\\/#\\\/schema\\\/logo\\\/image\\\/\",\"url\":\"https:\\\/\\\/www.materdominivolley.it\\\/home\\\/wp-content\\\/uploads\\\/2019\\\/10\\\/Senza-titolo-1-2.png\",\"contentUrl\":\"https:\\\/\\\/www.materdominivolley.it\\\/home\\\/wp-content\\\/uploads\\\/2019\\\/10\\\/Senza-titolo-1-2.png\",\"width\":180,\"height\":250,\"caption\":\"Materdominivolley.it\"},\"image\":{\"@id\":\"https:\\\/\\\/www.materdominivolley.it\\\/home\\\/#\\\/schema\\\/logo\\\/image\\\/\"},\"sameAs\":[\"https:\\\/\\\/www.facebook.com\\\/materdominivolleyit\\\/\"]},{\"@type\":\"Person\",\"@id\":\"https:\\\/\\\/www.materdominivolley.it\\\/home\\\/#\\\/schema\\\/person\\\/86961330b970aecf0b9729df84069339\",\"name\":\"admin-mater\",\"image\":{\"@type\":\"ImageObject\",\"inLanguage\":\"it-IT\",\"@id\":\"https:\\\/\\\/secure.gravatar.com\\\/avatar\\\/71d088b9255aa52813637243630e63af9ffd99251cfb71c8536f2d3794cac08e?s=96&d=mm&r=g\",\"url\":\"https:\\\/\\\/secure.gravatar.com\\\/avatar\\\/71d088b9255aa52813637243630e63af9ffd99251cfb71c8536f2d3794cac08e?s=96&d=mm&r=g\",\"contentUrl\":\"https:\\\/\\\/secure.gravatar.com\\\/avatar\\\/71d088b9255aa52813637243630e63af9ffd99251cfb71c8536f2d3794cac08e?s=96&d=mm&r=g\",\"caption\":\"admin-mater\"},\"url\":\"https:\\\/\\\/www.materdominivolley.it\\\/home\\\/author\\\/admin-mater\\\/\"}]}<\/script>\n<!-- \/ Yoast SEO plugin. -->","yoast_head_json":{"title":"\"Campioni d'inverno, risultato eccezionale\" - materdominivolley","robots":{"index":"index","follow":"follow","max-snippet":"max-snippet:-1","max-image-preview":"max-image-preview:large","max-video-preview":"max-video-preview:-1"},"canonical":"https:\/\/www.materdominivolley.it\/home\/2013\/02\/06\/campioni-dinverno-risultato-eccezionale\/","og_locale":"it_IT","og_type":"article","og_title":"\"Campioni d'inverno, risultato eccezionale\" - materdominivolley","og_description":"Intervista al presidente in occasione della pausa dopo la conclusione del girone di andata","og_url":"https:\/\/www.materdominivolley.it\/home\/2013\/02\/06\/campioni-dinverno-risultato-eccezionale\/","og_site_name":"materdominivolley","article_publisher":"https:\/\/www.facebook.com\/materdominivolleyit\/","article_published_time":"2013-02-06T16:49:07+00:00","og_image":[{"width":980,"height":400,"url":"https:\/\/www.materdominivolley.it\/home\/wp-content\/uploads\/2019\/09\/miccolis.jpg","type":"image\/jpeg"}],"author":"admin-mater","twitter_card":"summary_large_image","twitter_misc":{"Scritto da":"admin-mater","Tempo di lettura stimato":"2 minuti"},"schema":{"@context":"https:\/\/schema.org","@graph":[{"@type":"Article","@id":"https:\/\/www.materdominivolley.it\/home\/2013\/02\/06\/campioni-dinverno-risultato-eccezionale\/#article","isPartOf":{"@id":"https:\/\/www.materdominivolley.it\/home\/2013\/02\/06\/campioni-dinverno-risultato-eccezionale\/"},"author":{"name":"admin-mater","@id":"https:\/\/www.materdominivolley.it\/home\/#\/schema\/person\/86961330b970aecf0b9729df84069339"},"headline":"&#8220;Campioni d&#8217;inverno, risultato eccezionale&#8221;","datePublished":"2013-02-06T16:49:07+00:00","mainEntityOfPage":{"@id":"https:\/\/www.materdominivolley.it\/home\/2013\/02\/06\/campioni-dinverno-risultato-eccezionale\/"},"wordCount":344,"commentCount":0,"publisher":{"@id":"https:\/\/www.materdominivolley.it\/home\/#organization"},"image":{"@id":"https:\/\/www.materdominivolley.it\/home\/2013\/02\/06\/campioni-dinverno-risultato-eccezionale\/#primaryimage"},"thumbnailUrl":"https:\/\/www.materdominivolley.it\/home\/wp-content\/uploads\/2019\/09\/miccolis.jpg","inLanguage":"it-IT","potentialAction":[{"@type":"CommentAction","name":"Comment","target":["https:\/\/www.materdominivolley.it\/home\/2013\/02\/06\/campioni-dinverno-risultato-eccezionale\/#respond"]}]},{"@type":"WebPage","@id":"https:\/\/www.materdominivolley.it\/home\/2013\/02\/06\/campioni-dinverno-risultato-eccezionale\/","url":"https:\/\/www.materdominivolley.it\/home\/2013\/02\/06\/campioni-dinverno-risultato-eccezionale\/","name":"\"Campioni d'inverno, risultato eccezionale\" - materdominivolley","isPartOf":{"@id":"https:\/\/www.materdominivolley.it\/home\/#website"},"primaryImageOfPage":{"@id":"https:\/\/www.materdominivolley.it\/home\/2013\/02\/06\/campioni-dinverno-risultato-eccezionale\/#primaryimage"},"image":{"@id":"https:\/\/www.materdominivolley.it\/home\/2013\/02\/06\/campioni-dinverno-risultato-eccezionale\/#primaryimage"},"thumbnailUrl":"https:\/\/www.materdominivolley.it\/home\/wp-content\/uploads\/2019\/09\/miccolis.jpg","datePublished":"2013-02-06T16:49:07+00:00","breadcrumb":{"@id":"https:\/\/www.materdominivolley.it\/home\/2013\/02\/06\/campioni-dinverno-risultato-eccezionale\/#breadcrumb"},"inLanguage":"it-IT","potentialAction":[{"@type":"ReadAction","target":["https:\/\/www.materdominivolley.it\/home\/2013\/02\/06\/campioni-dinverno-risultato-eccezionale\/"]}]},{"@type":"ImageObject","inLanguage":"it-IT","@id":"https:\/\/www.materdominivolley.it\/home\/2013\/02\/06\/campioni-dinverno-risultato-eccezionale\/#primaryimage","url":"https:\/\/www.materdominivolley.it\/home\/wp-content\/uploads\/2019\/09\/miccolis.jpg","contentUrl":"https:\/\/www.materdominivolley.it\/home\/wp-content\/uploads\/2019\/09\/miccolis.jpg","width":980,"height":400},{"@type":"BreadcrumbList","@id":"https:\/\/www.materdominivolley.it\/home\/2013\/02\/06\/campioni-dinverno-risultato-eccezionale\/#breadcrumb","itemListElement":[{"@type":"ListItem","position":1,"name":"Home","item":"https:\/\/www.materdominivolley.it\/home\/"},{"@type":"ListItem","position":2,"name":"&#8220;Campioni d&#8217;inverno, risultato eccezionale&#8221;"}]},{"@type":"WebSite","@id":"https:\/\/www.materdominivolley.it\/home\/#website","url":"https:\/\/www.materdominivolley.it\/home\/","name":"materdominivolley","description":"","publisher":{"@id":"https:\/\/www.materdominivolley.it\/home\/#organization"},"potentialAction":[{"@type":"SearchAction","target":{"@type":"EntryPoint","urlTemplate":"https:\/\/www.materdominivolley.it\/home\/?s={search_term_string}"},"query-input":{"@type":"PropertyValueSpecification","valueRequired":true,"valueName":"search_term_string"}}],"inLanguage":"it-IT"},{"@type":"Organization","@id":"https:\/\/www.materdominivolley.it\/home\/#organization","name":"Materdominivolley.it","url":"https:\/\/www.materdominivolley.it\/home\/","logo":{"@type":"ImageObject","inLanguage":"it-IT","@id":"https:\/\/www.materdominivolley.it\/home\/#\/schema\/logo\/image\/","url":"https:\/\/www.materdominivolley.it\/home\/wp-content\/uploads\/2019\/10\/Senza-titolo-1-2.png","contentUrl":"https:\/\/www.materdominivolley.it\/home\/wp-content\/uploads\/2019\/10\/Senza-titolo-1-2.png","width":180,"height":250,"caption":"Materdominivolley.it"},"image":{"@id":"https:\/\/www.materdominivolley.it\/home\/#\/schema\/logo\/image\/"},"sameAs":["https:\/\/www.facebook.com\/materdominivolleyit\/"]},{"@type":"Person","@id":"https:\/\/www.materdominivolley.it\/home\/#\/schema\/person\/86961330b970aecf0b9729df84069339","name":"admin-mater","image":{"@type":"ImageObject","inLanguage":"it-IT","@id":"https:\/\/secure.gravatar.com\/avatar\/71d088b9255aa52813637243630e63af9ffd99251cfb71c8536f2d3794cac08e?s=96&d=mm&r=g","url":"https:\/\/secure.gravatar.com\/avatar\/71d088b9255aa52813637243630e63af9ffd99251cfb71c8536f2d3794cac08e?s=96&d=mm&r=g","contentUrl":"https:\/\/secure.gravatar.com\/avatar\/71d088b9255aa52813637243630e63af9ffd99251cfb71c8536f2d3794cac08e?s=96&d=mm&r=g","caption":"admin-mater"},"url":"https:\/\/www.materdominivolley.it\/home\/author\/admin-mater\/"}]}},"_links":{"self":[{"href":"https:\/\/www.materdominivolley.it\/home\/wp-json\/wp\/v2\/posts\/1628","targetHints":{"allow":["GET"]}}],"collection":[{"href":"https:\/\/www.materdominivolley.it\/home\/wp-json\/wp\/v2\/posts"}],"about":[{"href":"https:\/\/www.materdominivolley.it\/home\/wp-json\/wp\/v2\/types\/post"}],"author":[{"embeddable":true,"href":"https:\/\/www.materdominivolley.it\/home\/wp-json\/wp\/v2\/users\/1"}],"replies":[{"embeddable":true,"href":"https:\/\/www.materdominivolley.it\/home\/wp-json\/wp\/v2\/comments?post=1628"}],"version-history":[{"count":0,"href":"https:\/\/www.materdominivolley.it\/home\/wp-json\/wp\/v2\/posts\/1628\/revisions"}],"wp:featuredmedia":[{"embeddable":true,"href":"https:\/\/www.materdominivolley.it\/home\/wp-json\/wp\/v2\/media\/1369"}],"wp:attachment":[{"href":"https:\/\/www.materdominivolley.it\/home\/wp-json\/wp\/v2\/media?parent=1628"}],"wp:term":[{"taxonomy":"category","embeddable":true,"href":"https:\/\/www.materdominivolley.it\/home\/wp-json\/wp\/v2\/categories?post=1628"},{"taxonomy":"post_tag","embeddable":true,"href":"https:\/\/www.materdominivolley.it\/home\/wp-json\/wp\/v2\/tags?post=1628"}],"curies":[{"name":"wp","href":"https:\/\/api.w.org\/{rel}","templated":true}]}}