{"id":1660,"date":"2012-11-16T09:21:20","date_gmt":"2012-11-16T08:21:20","guid":{"rendered":"https:\/\/www.materdominivolley.it\/home\/2012\/11\/16\/leonardo-battista-ancora-in-azzurro\/"},"modified":"2012-11-16T09:21:20","modified_gmt":"2012-11-16T08:21:20","slug":"leonardo-battista-ancora-in-azzurro","status":"publish","type":"post","link":"https:\/\/www.materdominivolley.it\/home\/2012\/11\/16\/leonardo-battista-ancora-in-azzurro\/","title":{"rendered":"Leonardo Battista ancora in azzurro"},"content":{"rendered":"\n        <p align=\"JUSTIFY\" style=\"margin-bottom: 0cm;\">\n\t<span style=\"font-weight: normal;\">La<\/span><b> <\/b><span style=\"font-weight: normal;\">Federazione Italiana di Pallavolo<\/span> chiama ancora in casa gialloblu. Su segnalazione di <b>Mauro Berruto<\/b> (commissario tecnico della nazionale) la Federvolley <span style=\"font-weight: normal;\">sigla<\/span> nuovamente la lettera di convocazione in azzurro per <b>Leonardo Battista. <\/b>Il giovane talento under 19 della <b>Materdomini Castellana Grotte <\/b><span style=\"font-weight: normal;\">s<\/span>ar\u00e0 cos\u00ec ancora una volta impegnato con la rappresentativa italiana Prejuniores di pallavolo, dal 4 al 7 novembre presso Vigna di Valle (Roma), in vista delle qualificazioni agli Europei di categoria che si terranno a gennaio 2013. Per il libero, classe &#39;95, residente a Triggiano, entrato nel giro della nazionale dallo scorso anno, si tratta del secondo raduno tecnico federale stagionale, infatti, Battista \u00e8 stato al servizio del tandem tecnico <b>Andrea Tommasini-Bruno Morganti <\/b><span style=\"font-weight: normal;\">gi\u00e0 nel mese scorso<\/span>.<\/p>\n<p align=\"JUSTIFY\" style=\"margin-bottom: 0cm;\">\n\t<span style=\"font-style: normal;\">Questa chiamata accredita ancora una volta il \u201cmetodo\u201d Materdomini che ad oggi \u00e8 riuscito a far indossare la prestigiosa maglia della nazionale a ben venti ragazzi. Battista, nonostante la sua giovane et\u00e0, gi\u00e0 pu\u00f2 vantare importanti trascorsi, infatti, in questa stagione milita in B1 avendo alle spalle ben due stagioni in B2. \u201c<\/span><i>Personalmente<\/i> \u2013 dichiara l&#39;unico pugliese tra i 14 azzurrini convocati\u2013 <i>vivo questa esperienza con tranquillit\u00e0, sono molto contento di essere stato convocato e di far parte di questo gruppo. Cercher\u00f2, come ho sempre fatto, di metterci il massimo dell&#39;impegno, continuando il mio lavoro cos\u00ec come lo sto facendo nella Materdomini. Ringrazio tantissimo il <\/i><i><span style=\"font-weight: normal;\">direttore tecnico del progetto <\/span><\/i><i><b>Vincenzo Fanizza<\/b><\/i><i> che continua a darmi consigli seguendo accuratamente il mio percorso di crescita<\/i>\u201d.<\/p>\n        ","protected":false},"excerpt":{"rendered":"<p><!-- wp:paragraph --><br \/>\n        La Federazione Italiana di Pallavolo chiama ancora in casa gialloblu. Su segnalazione di Mauro Berruto (commissario tecnico della nazionale) la Federvolley sigla nuovamente la lettera di convocazione in azzurro per il libero Battista<br \/>\n        <!-- \/wp:paragraph --><\/p>\n","protected":false},"author":1,"featured_media":1661,"comment_status":"open","ping_status":"closed","sticky":false,"template":"","format":"standard","meta":{"footnotes":""},"categories":[12],"tags":[],"class_list":["post-1660","post","type-post","status-publish","format-standard","has-post-thumbnail","hentry","category-accademia"],"yoast_head":"<!-- This site is optimized with the Yoast SEO plugin v27.4 - https:\/\/yoast.com\/product\/yoast-seo-wordpress\/ -->\n<title>Leonardo Battista ancora in azzurro - materdominivolley<\/title>\n<meta name=\"robots\" content=\"index, follow, max-snippet:-1, max-image-preview:large, max-video-preview:-1\" \/>\n<link rel=\"canonical\" href=\"https:\/\/www.materdominivolley.it\/home\/2012\/11\/16\/leonardo-battista-ancora-in-azzurro\/\" \/>\n<meta property=\"og:locale\" content=\"it_IT\" \/>\n<meta property=\"og:type\" content=\"article\" \/>\n<meta property=\"og:title\" content=\"Leonardo Battista ancora in azzurro - materdominivolley\" \/>\n<meta property=\"og:description\" content=\"La Federazione Italiana di Pallavolo chiama ancora in casa gialloblu. Su segnalazione di Mauro Berruto (commissario tecnico della nazionale) la Federvolley sigla nuovamente la lettera di convocazione in azzurro per il libero Battista\" \/>\n<meta property=\"og:url\" content=\"https:\/\/www.materdominivolley.it\/home\/2012\/11\/16\/leonardo-battista-ancora-in-azzurro\/\" \/>\n<meta property=\"og:site_name\" content=\"materdominivolley\" \/>\n<meta property=\"article:publisher\" content=\"https:\/\/www.facebook.com\/materdominivolleyit\/\" \/>\n<meta property=\"article:published_time\" content=\"2012-11-16T08:21:20+00:00\" \/>\n<meta property=\"og:image\" content=\"https:\/\/www.materdominivolley.it\/home\/wp-content\/uploads\/2019\/09\/battista_azzurro.jpg\" \/>\n\t<meta property=\"og:image:width\" content=\"980\" \/>\n\t<meta property=\"og:image:height\" content=\"400\" \/>\n\t<meta property=\"og:image:type\" content=\"image\/jpeg\" \/>\n<meta name=\"author\" content=\"admin-mater\" \/>\n<meta name=\"twitter:card\" content=\"summary_large_image\" \/>\n<meta name=\"twitter:label1\" content=\"Scritto da\" \/>\n\t<meta name=\"twitter:data1\" content=\"admin-mater\" \/>\n\t<meta name=\"twitter:label2\" content=\"Tempo di lettura stimato\" \/>\n\t<meta name=\"twitter:data2\" content=\"1 minuto\" \/>\n<script type=\"application\/ld+json\" class=\"yoast-schema-graph\">{\"@context\":\"https:\\\/\\\/schema.org\",\"@graph\":[{\"@type\":\"Article\",\"@id\":\"https:\\\/\\\/www.materdominivolley.it\\\/home\\\/2012\\\/11\\\/16\\\/leonardo-battista-ancora-in-azzurro\\\/#article\",\"isPartOf\":{\"@id\":\"https:\\\/\\\/www.materdominivolley.it\\\/home\\\/2012\\\/11\\\/16\\\/leonardo-battista-ancora-in-azzurro\\\/\"},\"author\":{\"name\":\"admin-mater\",\"@id\":\"https:\\\/\\\/www.materdominivolley.it\\\/home\\\/#\\\/schema\\\/person\\\/86961330b970aecf0b9729df84069339\"},\"headline\":\"Leonardo Battista ancora in azzurro\",\"datePublished\":\"2012-11-16T08:21:20+00:00\",\"mainEntityOfPage\":{\"@id\":\"https:\\\/\\\/www.materdominivolley.it\\\/home\\\/2012\\\/11\\\/16\\\/leonardo-battista-ancora-in-azzurro\\\/\"},\"wordCount\":239,\"commentCount\":0,\"publisher\":{\"@id\":\"https:\\\/\\\/www.materdominivolley.it\\\/home\\\/#organization\"},\"image\":{\"@id\":\"https:\\\/\\\/www.materdominivolley.it\\\/home\\\/2012\\\/11\\\/16\\\/leonardo-battista-ancora-in-azzurro\\\/#primaryimage\"},\"thumbnailUrl\":\"https:\\\/\\\/www.materdominivolley.it\\\/home\\\/wp-content\\\/uploads\\\/2019\\\/09\\\/battista_azzurro.jpg\",\"articleSection\":[\"Accademia\"],\"inLanguage\":\"it-IT\",\"potentialAction\":[{\"@type\":\"CommentAction\",\"name\":\"Comment\",\"target\":[\"https:\\\/\\\/www.materdominivolley.it\\\/home\\\/2012\\\/11\\\/16\\\/leonardo-battista-ancora-in-azzurro\\\/#respond\"]}]},{\"@type\":\"WebPage\",\"@id\":\"https:\\\/\\\/www.materdominivolley.it\\\/home\\\/2012\\\/11\\\/16\\\/leonardo-battista-ancora-in-azzurro\\\/\",\"url\":\"https:\\\/\\\/www.materdominivolley.it\\\/home\\\/2012\\\/11\\\/16\\\/leonardo-battista-ancora-in-azzurro\\\/\",\"name\":\"Leonardo Battista ancora in azzurro - materdominivolley\",\"isPartOf\":{\"@id\":\"https:\\\/\\\/www.materdominivolley.it\\\/home\\\/#website\"},\"primaryImageOfPage\":{\"@id\":\"https:\\\/\\\/www.materdominivolley.it\\\/home\\\/2012\\\/11\\\/16\\\/leonardo-battista-ancora-in-azzurro\\\/#primaryimage\"},\"image\":{\"@id\":\"https:\\\/\\\/www.materdominivolley.it\\\/home\\\/2012\\\/11\\\/16\\\/leonardo-battista-ancora-in-azzurro\\\/#primaryimage\"},\"thumbnailUrl\":\"https:\\\/\\\/www.materdominivolley.it\\\/home\\\/wp-content\\\/uploads\\\/2019\\\/09\\\/battista_azzurro.jpg\",\"datePublished\":\"2012-11-16T08:21:20+00:00\",\"breadcrumb\":{\"@id\":\"https:\\\/\\\/www.materdominivolley.it\\\/home\\\/2012\\\/11\\\/16\\\/leonardo-battista-ancora-in-azzurro\\\/#breadcrumb\"},\"inLanguage\":\"it-IT\",\"potentialAction\":[{\"@type\":\"ReadAction\",\"target\":[\"https:\\\/\\\/www.materdominivolley.it\\\/home\\\/2012\\\/11\\\/16\\\/leonardo-battista-ancora-in-azzurro\\\/\"]}]},{\"@type\":\"ImageObject\",\"inLanguage\":\"it-IT\",\"@id\":\"https:\\\/\\\/www.materdominivolley.it\\\/home\\\/2012\\\/11\\\/16\\\/leonardo-battista-ancora-in-azzurro\\\/#primaryimage\",\"url\":\"https:\\\/\\\/www.materdominivolley.it\\\/home\\\/wp-content\\\/uploads\\\/2019\\\/09\\\/battista_azzurro.jpg\",\"contentUrl\":\"https:\\\/\\\/www.materdominivolley.it\\\/home\\\/wp-content\\\/uploads\\\/2019\\\/09\\\/battista_azzurro.jpg\",\"width\":980,\"height\":400},{\"@type\":\"BreadcrumbList\",\"@id\":\"https:\\\/\\\/www.materdominivolley.it\\\/home\\\/2012\\\/11\\\/16\\\/leonardo-battista-ancora-in-azzurro\\\/#breadcrumb\",\"itemListElement\":[{\"@type\":\"ListItem\",\"position\":1,\"name\":\"Home\",\"item\":\"https:\\\/\\\/www.materdominivolley.it\\\/home\\\/\"},{\"@type\":\"ListItem\",\"position\":2,\"name\":\"Leonardo Battista ancora in azzurro\"}]},{\"@type\":\"WebSite\",\"@id\":\"https:\\\/\\\/www.materdominivolley.it\\\/home\\\/#website\",\"url\":\"https:\\\/\\\/www.materdominivolley.it\\\/home\\\/\",\"name\":\"materdominivolley\",\"description\":\"\",\"publisher\":{\"@id\":\"https:\\\/\\\/www.materdominivolley.it\\\/home\\\/#organization\"},\"potentialAction\":[{\"@type\":\"SearchAction\",\"target\":{\"@type\":\"EntryPoint\",\"urlTemplate\":\"https:\\\/\\\/www.materdominivolley.it\\\/home\\\/?s={search_term_string}\"},\"query-input\":{\"@type\":\"PropertyValueSpecification\",\"valueRequired\":true,\"valueName\":\"search_term_string\"}}],\"inLanguage\":\"it-IT\"},{\"@type\":\"Organization\",\"@id\":\"https:\\\/\\\/www.materdominivolley.it\\\/home\\\/#organization\",\"name\":\"Materdominivolley.it\",\"url\":\"https:\\\/\\\/www.materdominivolley.it\\\/home\\\/\",\"logo\":{\"@type\":\"ImageObject\",\"inLanguage\":\"it-IT\",\"@id\":\"https:\\\/\\\/www.materdominivolley.it\\\/home\\\/#\\\/schema\\\/logo\\\/image\\\/\",\"url\":\"https:\\\/\\\/www.materdominivolley.it\\\/home\\\/wp-content\\\/uploads\\\/2019\\\/10\\\/Senza-titolo-1-2.png\",\"contentUrl\":\"https:\\\/\\\/www.materdominivolley.it\\\/home\\\/wp-content\\\/uploads\\\/2019\\\/10\\\/Senza-titolo-1-2.png\",\"width\":180,\"height\":250,\"caption\":\"Materdominivolley.it\"},\"image\":{\"@id\":\"https:\\\/\\\/www.materdominivolley.it\\\/home\\\/#\\\/schema\\\/logo\\\/image\\\/\"},\"sameAs\":[\"https:\\\/\\\/www.facebook.com\\\/materdominivolleyit\\\/\"]},{\"@type\":\"Person\",\"@id\":\"https:\\\/\\\/www.materdominivolley.it\\\/home\\\/#\\\/schema\\\/person\\\/86961330b970aecf0b9729df84069339\",\"name\":\"admin-mater\",\"image\":{\"@type\":\"ImageObject\",\"inLanguage\":\"it-IT\",\"@id\":\"https:\\\/\\\/secure.gravatar.com\\\/avatar\\\/71d088b9255aa52813637243630e63af9ffd99251cfb71c8536f2d3794cac08e?s=96&d=mm&r=g\",\"url\":\"https:\\\/\\\/secure.gravatar.com\\\/avatar\\\/71d088b9255aa52813637243630e63af9ffd99251cfb71c8536f2d3794cac08e?s=96&d=mm&r=g\",\"contentUrl\":\"https:\\\/\\\/secure.gravatar.com\\\/avatar\\\/71d088b9255aa52813637243630e63af9ffd99251cfb71c8536f2d3794cac08e?s=96&d=mm&r=g\",\"caption\":\"admin-mater\"},\"url\":\"https:\\\/\\\/www.materdominivolley.it\\\/home\\\/author\\\/admin-mater\\\/\"}]}<\/script>\n<!-- \/ Yoast SEO plugin. -->","yoast_head_json":{"title":"Leonardo Battista ancora in azzurro - materdominivolley","robots":{"index":"index","follow":"follow","max-snippet":"max-snippet:-1","max-image-preview":"max-image-preview:large","max-video-preview":"max-video-preview:-1"},"canonical":"https:\/\/www.materdominivolley.it\/home\/2012\/11\/16\/leonardo-battista-ancora-in-azzurro\/","og_locale":"it_IT","og_type":"article","og_title":"Leonardo Battista ancora in azzurro - materdominivolley","og_description":"La Federazione Italiana di Pallavolo chiama ancora in casa gialloblu. Su segnalazione di Mauro Berruto (commissario tecnico della nazionale) la Federvolley sigla nuovamente la lettera di convocazione in azzurro per il libero Battista","og_url":"https:\/\/www.materdominivolley.it\/home\/2012\/11\/16\/leonardo-battista-ancora-in-azzurro\/","og_site_name":"materdominivolley","article_publisher":"https:\/\/www.facebook.com\/materdominivolleyit\/","article_published_time":"2012-11-16T08:21:20+00:00","og_image":[{"width":980,"height":400,"url":"https:\/\/www.materdominivolley.it\/home\/wp-content\/uploads\/2019\/09\/battista_azzurro.jpg","type":"image\/jpeg"}],"author":"admin-mater","twitter_card":"summary_large_image","twitter_misc":{"Scritto da":"admin-mater","Tempo di lettura stimato":"1 minuto"},"schema":{"@context":"https:\/\/schema.org","@graph":[{"@type":"Article","@id":"https:\/\/www.materdominivolley.it\/home\/2012\/11\/16\/leonardo-battista-ancora-in-azzurro\/#article","isPartOf":{"@id":"https:\/\/www.materdominivolley.it\/home\/2012\/11\/16\/leonardo-battista-ancora-in-azzurro\/"},"author":{"name":"admin-mater","@id":"https:\/\/www.materdominivolley.it\/home\/#\/schema\/person\/86961330b970aecf0b9729df84069339"},"headline":"Leonardo Battista ancora in azzurro","datePublished":"2012-11-16T08:21:20+00:00","mainEntityOfPage":{"@id":"https:\/\/www.materdominivolley.it\/home\/2012\/11\/16\/leonardo-battista-ancora-in-azzurro\/"},"wordCount":239,"commentCount":0,"publisher":{"@id":"https:\/\/www.materdominivolley.it\/home\/#organization"},"image":{"@id":"https:\/\/www.materdominivolley.it\/home\/2012\/11\/16\/leonardo-battista-ancora-in-azzurro\/#primaryimage"},"thumbnailUrl":"https:\/\/www.materdominivolley.it\/home\/wp-content\/uploads\/2019\/09\/battista_azzurro.jpg","articleSection":["Accademia"],"inLanguage":"it-IT","potentialAction":[{"@type":"CommentAction","name":"Comment","target":["https:\/\/www.materdominivolley.it\/home\/2012\/11\/16\/leonardo-battista-ancora-in-azzurro\/#respond"]}]},{"@type":"WebPage","@id":"https:\/\/www.materdominivolley.it\/home\/2012\/11\/16\/leonardo-battista-ancora-in-azzurro\/","url":"https:\/\/www.materdominivolley.it\/home\/2012\/11\/16\/leonardo-battista-ancora-in-azzurro\/","name":"Leonardo Battista ancora in azzurro - materdominivolley","isPartOf":{"@id":"https:\/\/www.materdominivolley.it\/home\/#website"},"primaryImageOfPage":{"@id":"https:\/\/www.materdominivolley.it\/home\/2012\/11\/16\/leonardo-battista-ancora-in-azzurro\/#primaryimage"},"image":{"@id":"https:\/\/www.materdominivolley.it\/home\/2012\/11\/16\/leonardo-battista-ancora-in-azzurro\/#primaryimage"},"thumbnailUrl":"https:\/\/www.materdominivolley.it\/home\/wp-content\/uploads\/2019\/09\/battista_azzurro.jpg","datePublished":"2012-11-16T08:21:20+00:00","breadcrumb":{"@id":"https:\/\/www.materdominivolley.it\/home\/2012\/11\/16\/leonardo-battista-ancora-in-azzurro\/#breadcrumb"},"inLanguage":"it-IT","potentialAction":[{"@type":"ReadAction","target":["https:\/\/www.materdominivolley.it\/home\/2012\/11\/16\/leonardo-battista-ancora-in-azzurro\/"]}]},{"@type":"ImageObject","inLanguage":"it-IT","@id":"https:\/\/www.materdominivolley.it\/home\/2012\/11\/16\/leonardo-battista-ancora-in-azzurro\/#primaryimage","url":"https:\/\/www.materdominivolley.it\/home\/wp-content\/uploads\/2019\/09\/battista_azzurro.jpg","contentUrl":"https:\/\/www.materdominivolley.it\/home\/wp-content\/uploads\/2019\/09\/battista_azzurro.jpg","width":980,"height":400},{"@type":"BreadcrumbList","@id":"https:\/\/www.materdominivolley.it\/home\/2012\/11\/16\/leonardo-battista-ancora-in-azzurro\/#breadcrumb","itemListElement":[{"@type":"ListItem","position":1,"name":"Home","item":"https:\/\/www.materdominivolley.it\/home\/"},{"@type":"ListItem","position":2,"name":"Leonardo Battista ancora in azzurro"}]},{"@type":"WebSite","@id":"https:\/\/www.materdominivolley.it\/home\/#website","url":"https:\/\/www.materdominivolley.it\/home\/","name":"materdominivolley","description":"","publisher":{"@id":"https:\/\/www.materdominivolley.it\/home\/#organization"},"potentialAction":[{"@type":"SearchAction","target":{"@type":"EntryPoint","urlTemplate":"https:\/\/www.materdominivolley.it\/home\/?s={search_term_string}"},"query-input":{"@type":"PropertyValueSpecification","valueRequired":true,"valueName":"search_term_string"}}],"inLanguage":"it-IT"},{"@type":"Organization","@id":"https:\/\/www.materdominivolley.it\/home\/#organization","name":"Materdominivolley.it","url":"https:\/\/www.materdominivolley.it\/home\/","logo":{"@type":"ImageObject","inLanguage":"it-IT","@id":"https:\/\/www.materdominivolley.it\/home\/#\/schema\/logo\/image\/","url":"https:\/\/www.materdominivolley.it\/home\/wp-content\/uploads\/2019\/10\/Senza-titolo-1-2.png","contentUrl":"https:\/\/www.materdominivolley.it\/home\/wp-content\/uploads\/2019\/10\/Senza-titolo-1-2.png","width":180,"height":250,"caption":"Materdominivolley.it"},"image":{"@id":"https:\/\/www.materdominivolley.it\/home\/#\/schema\/logo\/image\/"},"sameAs":["https:\/\/www.facebook.com\/materdominivolleyit\/"]},{"@type":"Person","@id":"https:\/\/www.materdominivolley.it\/home\/#\/schema\/person\/86961330b970aecf0b9729df84069339","name":"admin-mater","image":{"@type":"ImageObject","inLanguage":"it-IT","@id":"https:\/\/secure.gravatar.com\/avatar\/71d088b9255aa52813637243630e63af9ffd99251cfb71c8536f2d3794cac08e?s=96&d=mm&r=g","url":"https:\/\/secure.gravatar.com\/avatar\/71d088b9255aa52813637243630e63af9ffd99251cfb71c8536f2d3794cac08e?s=96&d=mm&r=g","contentUrl":"https:\/\/secure.gravatar.com\/avatar\/71d088b9255aa52813637243630e63af9ffd99251cfb71c8536f2d3794cac08e?s=96&d=mm&r=g","caption":"admin-mater"},"url":"https:\/\/www.materdominivolley.it\/home\/author\/admin-mater\/"}]}},"_links":{"self":[{"href":"https:\/\/www.materdominivolley.it\/home\/wp-json\/wp\/v2\/posts\/1660","targetHints":{"allow":["GET"]}}],"collection":[{"href":"https:\/\/www.materdominivolley.it\/home\/wp-json\/wp\/v2\/posts"}],"about":[{"href":"https:\/\/www.materdominivolley.it\/home\/wp-json\/wp\/v2\/types\/post"}],"author":[{"embeddable":true,"href":"https:\/\/www.materdominivolley.it\/home\/wp-json\/wp\/v2\/users\/1"}],"replies":[{"embeddable":true,"href":"https:\/\/www.materdominivolley.it\/home\/wp-json\/wp\/v2\/comments?post=1660"}],"version-history":[{"count":0,"href":"https:\/\/www.materdominivolley.it\/home\/wp-json\/wp\/v2\/posts\/1660\/revisions"}],"wp:featuredmedia":[{"embeddable":true,"href":"https:\/\/www.materdominivolley.it\/home\/wp-json\/wp\/v2\/media\/1661"}],"wp:attachment":[{"href":"https:\/\/www.materdominivolley.it\/home\/wp-json\/wp\/v2\/media?parent=1660"}],"wp:term":[{"taxonomy":"category","embeddable":true,"href":"https:\/\/www.materdominivolley.it\/home\/wp-json\/wp\/v2\/categories?post=1660"},{"taxonomy":"post_tag","embeddable":true,"href":"https:\/\/www.materdominivolley.it\/home\/wp-json\/wp\/v2\/tags?post=1660"}],"curies":[{"name":"wp","href":"https:\/\/api.w.org\/{rel}","templated":true}]}}