{"id":2760,"date":"2021-06-16T15:31:18","date_gmt":"2021-06-16T13:31:18","guid":{"rendered":"https:\/\/www.materdominivolley.it\/home\/?p=2760"},"modified":"2021-06-16T15:31:18","modified_gmt":"2021-06-16T13:31:18","slug":"16-06-2021-domenica-a-castellana-grotte-la-final4-regionale-u15m-in-attesa-delle-finali-nazionali-u17m","status":"publish","type":"post","link":"https:\/\/www.materdominivolley.it\/home\/2021\/06\/16\/16-06-2021-domenica-a-castellana-grotte-la-final4-regionale-u15m-in-attesa-delle-finali-nazionali-u17m\/","title":{"rendered":"16-06-2021: Domenica a Castellana Grotte la Final4 regionale U15M in attesa delle finali nazionali U17M"},"content":{"rendered":"\n<p>Sar\u00e0 Castellana Grotte la sede delle finali ragionali U15 maschili, in programma domenica 20 giugno, che assegneranno oltre al titolo di campioni regionali anche un pass diretto per le finali nazionali che si giocheranno in Liguria dal 6 all&#8217;8 luglio e uno per le interregionali previste il 26 e 27 giugno in Calabria. Nella mattinata di domenica si giocheranno le semifinale sui campi del PalaGrotte e della palestra dell&#8217;Istituto Consoli Pinto, nel pomeriggio sede della finale per il primo posto: &#8220;Le urne del Comitato Regionale FIPAV Puglia hanno assegnato a noi l&#8217;organizzazione della Final4&nbsp;regionale U15M &#8211; ha commentato il presidente della Materdominivolley.it Michele Miccolis &#8211; e ci teniamo a fare bene dentro e fuori dal campo, ospitando le altre tre squadre contendenti. La Final4 U15 \u00e8 l&#8217;antipasto di quello che vivremo nel week end successivo quando ospiteremo le 12 migliori d&#8217;Italia della categoria U17M per le finali che assegneranno lo scudetto U17. Siamo orgogliosi dell&#8217;opportunit\u00e0 che ci ha dato la Federazione Italiana Pallavolo e ci tengo a ringraziare la FIPAV nazionale e quella regionale per averci permesso di essere al loro fianco in questa avventura, oltre a tutti i partner che stanno dando il proprio supporto nell&#8217;organizzazione di queste finali nazionali.. Sono felice anche di poter ricordare, nell&#8217;occasione, un caro amico della pallavolo castellanese&nbsp;Franco Castiglia. A lui sar\u00e0 intitolato un premio speciale che sar\u00e0 assegnato al miglior allenatore delle finali nazionali&#8221;. Oggi la Materdominivolley.it Castellana Grotte scender\u00e0 in campo con il gruppo U19, fresco di titolo territoriale, per i quarti di finale regionali contro l&#8217;Olimpia SBV Galatina alle 18 a Casa Mater. L&#8217;eventuale vittoria assegner\u00e0 un pass per la Final4 regionale di domenica.<\/p>\n\n\n\n<p><strong>&#8211; Fase Regionale Under 15 Maschile, 20-06-2021<br><\/strong><br>Semifinali ore 11.00<\/p>\n\n\n\n<p>PROGETTO AZZURRA ALESSANO &#8211; MATERVOLLEY&nbsp;(Casa Mater)<br>GREEN VOLLEY FRANCAVILLA &#8211; OLIMPIA SBV GALATINA (Pala Grotte)<\/p>\n\n\n\n<p>Finale 1\u00b0\/2\u00b0 posto ore 17.00 (Casa Mater)<\/p>\n\n\n\n<p><strong>&#8211; Fase Regionale U19 Maschile. 16-06-2021<\/strong><br>Quarti di finale<br>16\/06\/21 18:00 MATERVOLLEY &#8211; OLIMPIA SBV GALATINA<\/p>\n\n\n\n<p><strong>&#8211; Le 12 delle finali giovanili CRAI U17M dal 25 al 27 giugno a Castellana Grotte<\/strong>Teste di serie: Diavoli Rosa MB (Lombardia), Matervolley BA (Puglia), Volley Treviso TV (Veneto) e Fenice Pallavolo RM (Lazio).<\/p>\n\n\n\n<p>Vincitrici Fasi Interregionali: Consar Ra 17 (Emilia Romagna), Itas Trentino (Trentino), Volley Milano (Lombardia), Volley Meta (Campania), Cucine Lube Civitanova (Marche) , Colombo Genova (Liguria), Marino Pallavolo Bulls (Lazio), Scuola&amp;Volley Altamura (Puglia).<\/p>\n","protected":false},"excerpt":{"rendered":"<p>Sar\u00e0 Castellana Grotte la sede delle finali ragionali U15 maschili, in programma domenica 20 giugno, che assegneranno oltre al titolo di campioni regionali anche un pass diretto per le finali nazionali che si giocheranno in Liguria dal 6 all&#8217;8 luglio e uno per le interregionali previste il 26 e 27 giugno in Calabria. Nella mattinata [&hellip;]<\/p>\n","protected":false},"author":3,"featured_media":2761,"comment_status":"open","ping_status":"closed","sticky":true,"template":"","format":"standard","meta":{"footnotes":""},"categories":[12,21,24,25],"tags":[52,49],"class_list":["post-2760","post","type-post","status-publish","format-standard","has-post-thumbnail","hentry","category-accademia","category-comunicati","category-under-15","category-under-17","tag-u15mvolley","tag-u17mvolley"],"yoast_head":"<!-- This site is optimized with the Yoast SEO plugin v27.4 - https:\/\/yoast.com\/product\/yoast-seo-wordpress\/ -->\n<title>16-06-2021: Domenica a Castellana Grotte la Final4 regionale U15M in attesa delle finali nazionali U17M - materdominivolley<\/title>\n<meta name=\"robots\" content=\"index, follow, max-snippet:-1, max-image-preview:large, max-video-preview:-1\" \/>\n<link rel=\"canonical\" href=\"https:\/\/www.materdominivolley.it\/home\/2021\/06\/16\/16-06-2021-domenica-a-castellana-grotte-la-final4-regionale-u15m-in-attesa-delle-finali-nazionali-u17m\/\" \/>\n<meta property=\"og:locale\" content=\"it_IT\" \/>\n<meta property=\"og:type\" content=\"article\" \/>\n<meta property=\"og:title\" content=\"16-06-2021: Domenica a Castellana Grotte la Final4 regionale U15M in attesa delle finali nazionali U17M - materdominivolley\" \/>\n<meta property=\"og:description\" content=\"Sar\u00e0 Castellana Grotte la sede delle finali ragionali U15 maschili, in programma domenica 20 giugno, che assegneranno oltre al titolo di campioni regionali anche un pass diretto per le finali nazionali che si giocheranno in Liguria dal 6 all&#8217;8 luglio e uno per le interregionali previste il 26 e 27 giugno in Calabria. Nella mattinata [&hellip;]\" \/>\n<meta property=\"og:url\" content=\"https:\/\/www.materdominivolley.it\/home\/2021\/06\/16\/16-06-2021-domenica-a-castellana-grotte-la-final4-regionale-u15m-in-attesa-delle-finali-nazionali-u17m\/\" \/>\n<meta property=\"og:site_name\" content=\"materdominivolley\" \/>\n<meta property=\"article:publisher\" content=\"https:\/\/www.facebook.com\/materdominivolleyit\/\" \/>\n<meta property=\"article:published_time\" content=\"2021-06-16T13:31:18+00:00\" \/>\n<meta property=\"og:image\" content=\"https:\/\/www.materdominivolley.it\/home\/wp-content\/uploads\/2021\/06\/2021-06-16_MicheleMiccolis.jpg\" \/>\n\t<meta property=\"og:image:width\" content=\"2238\" \/>\n\t<meta property=\"og:image:height\" content=\"1486\" \/>\n\t<meta property=\"og:image:type\" content=\"image\/jpeg\" \/>\n<meta name=\"author\" content=\"Ufficio Stampa\" \/>\n<meta name=\"twitter:card\" content=\"summary_large_image\" \/>\n<meta name=\"twitter:label1\" content=\"Scritto da\" \/>\n\t<meta name=\"twitter:data1\" content=\"Ufficio Stampa\" \/>\n\t<meta name=\"twitter:label2\" content=\"Tempo di lettura stimato\" \/>\n\t<meta name=\"twitter:data2\" content=\"2 minuti\" \/>\n<script type=\"application\/ld+json\" class=\"yoast-schema-graph\">{\"@context\":\"https:\\\/\\\/schema.org\",\"@graph\":[{\"@type\":\"Article\",\"@id\":\"https:\\\/\\\/www.materdominivolley.it\\\/home\\\/2021\\\/06\\\/16\\\/16-06-2021-domenica-a-castellana-grotte-la-final4-regionale-u15m-in-attesa-delle-finali-nazionali-u17m\\\/#article\",\"isPartOf\":{\"@id\":\"https:\\\/\\\/www.materdominivolley.it\\\/home\\\/2021\\\/06\\\/16\\\/16-06-2021-domenica-a-castellana-grotte-la-final4-regionale-u15m-in-attesa-delle-finali-nazionali-u17m\\\/\"},\"author\":{\"name\":\"Ufficio Stampa\",\"@id\":\"https:\\\/\\\/www.materdominivolley.it\\\/home\\\/#\\\/schema\\\/person\\\/e25e6fde79b638bfc129c166ce9b87df\"},\"headline\":\"16-06-2021: Domenica a Castellana Grotte la Final4 regionale U15M in attesa delle finali nazionali U17M\",\"datePublished\":\"2021-06-16T13:31:18+00:00\",\"mainEntityOfPage\":{\"@id\":\"https:\\\/\\\/www.materdominivolley.it\\\/home\\\/2021\\\/06\\\/16\\\/16-06-2021-domenica-a-castellana-grotte-la-final4-regionale-u15m-in-attesa-delle-finali-nazionali-u17m\\\/\"},\"wordCount\":411,\"commentCount\":0,\"publisher\":{\"@id\":\"https:\\\/\\\/www.materdominivolley.it\\\/home\\\/#organization\"},\"image\":{\"@id\":\"https:\\\/\\\/www.materdominivolley.it\\\/home\\\/2021\\\/06\\\/16\\\/16-06-2021-domenica-a-castellana-grotte-la-final4-regionale-u15m-in-attesa-delle-finali-nazionali-u17m\\\/#primaryimage\"},\"thumbnailUrl\":\"https:\\\/\\\/www.materdominivolley.it\\\/home\\\/wp-content\\\/uploads\\\/2021\\\/06\\\/2021-06-16_MicheleMiccolis.jpg\",\"keywords\":[\"u15mvolley\",\"U17MVolley\"],\"articleSection\":[\"Accademia\",\"comunicati\",\"under 15\",\"under 17\"],\"inLanguage\":\"it-IT\",\"potentialAction\":[{\"@type\":\"CommentAction\",\"name\":\"Comment\",\"target\":[\"https:\\\/\\\/www.materdominivolley.it\\\/home\\\/2021\\\/06\\\/16\\\/16-06-2021-domenica-a-castellana-grotte-la-final4-regionale-u15m-in-attesa-delle-finali-nazionali-u17m\\\/#respond\"]}]},{\"@type\":\"WebPage\",\"@id\":\"https:\\\/\\\/www.materdominivolley.it\\\/home\\\/2021\\\/06\\\/16\\\/16-06-2021-domenica-a-castellana-grotte-la-final4-regionale-u15m-in-attesa-delle-finali-nazionali-u17m\\\/\",\"url\":\"https:\\\/\\\/www.materdominivolley.it\\\/home\\\/2021\\\/06\\\/16\\\/16-06-2021-domenica-a-castellana-grotte-la-final4-regionale-u15m-in-attesa-delle-finali-nazionali-u17m\\\/\",\"name\":\"16-06-2021: Domenica a Castellana Grotte la Final4 regionale U15M in attesa delle finali nazionali U17M - materdominivolley\",\"isPartOf\":{\"@id\":\"https:\\\/\\\/www.materdominivolley.it\\\/home\\\/#website\"},\"primaryImageOfPage\":{\"@id\":\"https:\\\/\\\/www.materdominivolley.it\\\/home\\\/2021\\\/06\\\/16\\\/16-06-2021-domenica-a-castellana-grotte-la-final4-regionale-u15m-in-attesa-delle-finali-nazionali-u17m\\\/#primaryimage\"},\"image\":{\"@id\":\"https:\\\/\\\/www.materdominivolley.it\\\/home\\\/2021\\\/06\\\/16\\\/16-06-2021-domenica-a-castellana-grotte-la-final4-regionale-u15m-in-attesa-delle-finali-nazionali-u17m\\\/#primaryimage\"},\"thumbnailUrl\":\"https:\\\/\\\/www.materdominivolley.it\\\/home\\\/wp-content\\\/uploads\\\/2021\\\/06\\\/2021-06-16_MicheleMiccolis.jpg\",\"datePublished\":\"2021-06-16T13:31:18+00:00\",\"breadcrumb\":{\"@id\":\"https:\\\/\\\/www.materdominivolley.it\\\/home\\\/2021\\\/06\\\/16\\\/16-06-2021-domenica-a-castellana-grotte-la-final4-regionale-u15m-in-attesa-delle-finali-nazionali-u17m\\\/#breadcrumb\"},\"inLanguage\":\"it-IT\",\"potentialAction\":[{\"@type\":\"ReadAction\",\"target\":[\"https:\\\/\\\/www.materdominivolley.it\\\/home\\\/2021\\\/06\\\/16\\\/16-06-2021-domenica-a-castellana-grotte-la-final4-regionale-u15m-in-attesa-delle-finali-nazionali-u17m\\\/\"]}]},{\"@type\":\"ImageObject\",\"inLanguage\":\"it-IT\",\"@id\":\"https:\\\/\\\/www.materdominivolley.it\\\/home\\\/2021\\\/06\\\/16\\\/16-06-2021-domenica-a-castellana-grotte-la-final4-regionale-u15m-in-attesa-delle-finali-nazionali-u17m\\\/#primaryimage\",\"url\":\"https:\\\/\\\/www.materdominivolley.it\\\/home\\\/wp-content\\\/uploads\\\/2021\\\/06\\\/2021-06-16_MicheleMiccolis.jpg\",\"contentUrl\":\"https:\\\/\\\/www.materdominivolley.it\\\/home\\\/wp-content\\\/uploads\\\/2021\\\/06\\\/2021-06-16_MicheleMiccolis.jpg\",\"width\":2238,\"height\":1486},{\"@type\":\"BreadcrumbList\",\"@id\":\"https:\\\/\\\/www.materdominivolley.it\\\/home\\\/2021\\\/06\\\/16\\\/16-06-2021-domenica-a-castellana-grotte-la-final4-regionale-u15m-in-attesa-delle-finali-nazionali-u17m\\\/#breadcrumb\",\"itemListElement\":[{\"@type\":\"ListItem\",\"position\":1,\"name\":\"Home\",\"item\":\"https:\\\/\\\/www.materdominivolley.it\\\/home\\\/\"},{\"@type\":\"ListItem\",\"position\":2,\"name\":\"16-06-2021: Domenica a Castellana Grotte la Final4 regionale U15M in attesa delle finali nazionali U17M\"}]},{\"@type\":\"WebSite\",\"@id\":\"https:\\\/\\\/www.materdominivolley.it\\\/home\\\/#website\",\"url\":\"https:\\\/\\\/www.materdominivolley.it\\\/home\\\/\",\"name\":\"materdominivolley\",\"description\":\"\",\"publisher\":{\"@id\":\"https:\\\/\\\/www.materdominivolley.it\\\/home\\\/#organization\"},\"potentialAction\":[{\"@type\":\"SearchAction\",\"target\":{\"@type\":\"EntryPoint\",\"urlTemplate\":\"https:\\\/\\\/www.materdominivolley.it\\\/home\\\/?s={search_term_string}\"},\"query-input\":{\"@type\":\"PropertyValueSpecification\",\"valueRequired\":true,\"valueName\":\"search_term_string\"}}],\"inLanguage\":\"it-IT\"},{\"@type\":\"Organization\",\"@id\":\"https:\\\/\\\/www.materdominivolley.it\\\/home\\\/#organization\",\"name\":\"Materdominivolley.it\",\"url\":\"https:\\\/\\\/www.materdominivolley.it\\\/home\\\/\",\"logo\":{\"@type\":\"ImageObject\",\"inLanguage\":\"it-IT\",\"@id\":\"https:\\\/\\\/www.materdominivolley.it\\\/home\\\/#\\\/schema\\\/logo\\\/image\\\/\",\"url\":\"https:\\\/\\\/www.materdominivolley.it\\\/home\\\/wp-content\\\/uploads\\\/2019\\\/10\\\/Senza-titolo-1-2.png\",\"contentUrl\":\"https:\\\/\\\/www.materdominivolley.it\\\/home\\\/wp-content\\\/uploads\\\/2019\\\/10\\\/Senza-titolo-1-2.png\",\"width\":180,\"height\":250,\"caption\":\"Materdominivolley.it\"},\"image\":{\"@id\":\"https:\\\/\\\/www.materdominivolley.it\\\/home\\\/#\\\/schema\\\/logo\\\/image\\\/\"},\"sameAs\":[\"https:\\\/\\\/www.facebook.com\\\/materdominivolleyit\\\/\"]},{\"@type\":\"Person\",\"@id\":\"https:\\\/\\\/www.materdominivolley.it\\\/home\\\/#\\\/schema\\\/person\\\/e25e6fde79b638bfc129c166ce9b87df\",\"name\":\"Ufficio Stampa\",\"image\":{\"@type\":\"ImageObject\",\"inLanguage\":\"it-IT\",\"@id\":\"https:\\\/\\\/secure.gravatar.com\\\/avatar\\\/db2f0170b2723e3fead73d7427407214a40acfba07a61bf06d633126cbeaeea7?s=96&d=mm&r=g\",\"url\":\"https:\\\/\\\/secure.gravatar.com\\\/avatar\\\/db2f0170b2723e3fead73d7427407214a40acfba07a61bf06d633126cbeaeea7?s=96&d=mm&r=g\",\"contentUrl\":\"https:\\\/\\\/secure.gravatar.com\\\/avatar\\\/db2f0170b2723e3fead73d7427407214a40acfba07a61bf06d633126cbeaeea7?s=96&d=mm&r=g\",\"caption\":\"Ufficio Stampa\"},\"url\":\"https:\\\/\\\/www.materdominivolley.it\\\/home\\\/author\\\/ufficiostampa\\\/\"}]}<\/script>\n<!-- \/ Yoast SEO plugin. -->","yoast_head_json":{"title":"16-06-2021: Domenica a Castellana Grotte la Final4 regionale U15M in attesa delle finali nazionali U17M - materdominivolley","robots":{"index":"index","follow":"follow","max-snippet":"max-snippet:-1","max-image-preview":"max-image-preview:large","max-video-preview":"max-video-preview:-1"},"canonical":"https:\/\/www.materdominivolley.it\/home\/2021\/06\/16\/16-06-2021-domenica-a-castellana-grotte-la-final4-regionale-u15m-in-attesa-delle-finali-nazionali-u17m\/","og_locale":"it_IT","og_type":"article","og_title":"16-06-2021: Domenica a Castellana Grotte la Final4 regionale U15M in attesa delle finali nazionali U17M - materdominivolley","og_description":"Sar\u00e0 Castellana Grotte la sede delle finali ragionali U15 maschili, in programma domenica 20 giugno, che assegneranno oltre al titolo di campioni regionali anche un pass diretto per le finali nazionali che si giocheranno in Liguria dal 6 all&#8217;8 luglio e uno per le interregionali previste il 26 e 27 giugno in Calabria. Nella mattinata [&hellip;]","og_url":"https:\/\/www.materdominivolley.it\/home\/2021\/06\/16\/16-06-2021-domenica-a-castellana-grotte-la-final4-regionale-u15m-in-attesa-delle-finali-nazionali-u17m\/","og_site_name":"materdominivolley","article_publisher":"https:\/\/www.facebook.com\/materdominivolleyit\/","article_published_time":"2021-06-16T13:31:18+00:00","og_image":[{"width":2238,"height":1486,"url":"https:\/\/www.materdominivolley.it\/home\/wp-content\/uploads\/2021\/06\/2021-06-16_MicheleMiccolis.jpg","type":"image\/jpeg"}],"author":"Ufficio Stampa","twitter_card":"summary_large_image","twitter_misc":{"Scritto da":"Ufficio Stampa","Tempo di lettura stimato":"2 minuti"},"schema":{"@context":"https:\/\/schema.org","@graph":[{"@type":"Article","@id":"https:\/\/www.materdominivolley.it\/home\/2021\/06\/16\/16-06-2021-domenica-a-castellana-grotte-la-final4-regionale-u15m-in-attesa-delle-finali-nazionali-u17m\/#article","isPartOf":{"@id":"https:\/\/www.materdominivolley.it\/home\/2021\/06\/16\/16-06-2021-domenica-a-castellana-grotte-la-final4-regionale-u15m-in-attesa-delle-finali-nazionali-u17m\/"},"author":{"name":"Ufficio Stampa","@id":"https:\/\/www.materdominivolley.it\/home\/#\/schema\/person\/e25e6fde79b638bfc129c166ce9b87df"},"headline":"16-06-2021: Domenica a Castellana Grotte la Final4 regionale U15M in attesa delle finali nazionali U17M","datePublished":"2021-06-16T13:31:18+00:00","mainEntityOfPage":{"@id":"https:\/\/www.materdominivolley.it\/home\/2021\/06\/16\/16-06-2021-domenica-a-castellana-grotte-la-final4-regionale-u15m-in-attesa-delle-finali-nazionali-u17m\/"},"wordCount":411,"commentCount":0,"publisher":{"@id":"https:\/\/www.materdominivolley.it\/home\/#organization"},"image":{"@id":"https:\/\/www.materdominivolley.it\/home\/2021\/06\/16\/16-06-2021-domenica-a-castellana-grotte-la-final4-regionale-u15m-in-attesa-delle-finali-nazionali-u17m\/#primaryimage"},"thumbnailUrl":"https:\/\/www.materdominivolley.it\/home\/wp-content\/uploads\/2021\/06\/2021-06-16_MicheleMiccolis.jpg","keywords":["u15mvolley","U17MVolley"],"articleSection":["Accademia","comunicati","under 15","under 17"],"inLanguage":"it-IT","potentialAction":[{"@type":"CommentAction","name":"Comment","target":["https:\/\/www.materdominivolley.it\/home\/2021\/06\/16\/16-06-2021-domenica-a-castellana-grotte-la-final4-regionale-u15m-in-attesa-delle-finali-nazionali-u17m\/#respond"]}]},{"@type":"WebPage","@id":"https:\/\/www.materdominivolley.it\/home\/2021\/06\/16\/16-06-2021-domenica-a-castellana-grotte-la-final4-regionale-u15m-in-attesa-delle-finali-nazionali-u17m\/","url":"https:\/\/www.materdominivolley.it\/home\/2021\/06\/16\/16-06-2021-domenica-a-castellana-grotte-la-final4-regionale-u15m-in-attesa-delle-finali-nazionali-u17m\/","name":"16-06-2021: Domenica a Castellana Grotte la Final4 regionale U15M in attesa delle finali nazionali U17M - materdominivolley","isPartOf":{"@id":"https:\/\/www.materdominivolley.it\/home\/#website"},"primaryImageOfPage":{"@id":"https:\/\/www.materdominivolley.it\/home\/2021\/06\/16\/16-06-2021-domenica-a-castellana-grotte-la-final4-regionale-u15m-in-attesa-delle-finali-nazionali-u17m\/#primaryimage"},"image":{"@id":"https:\/\/www.materdominivolley.it\/home\/2021\/06\/16\/16-06-2021-domenica-a-castellana-grotte-la-final4-regionale-u15m-in-attesa-delle-finali-nazionali-u17m\/#primaryimage"},"thumbnailUrl":"https:\/\/www.materdominivolley.it\/home\/wp-content\/uploads\/2021\/06\/2021-06-16_MicheleMiccolis.jpg","datePublished":"2021-06-16T13:31:18+00:00","breadcrumb":{"@id":"https:\/\/www.materdominivolley.it\/home\/2021\/06\/16\/16-06-2021-domenica-a-castellana-grotte-la-final4-regionale-u15m-in-attesa-delle-finali-nazionali-u17m\/#breadcrumb"},"inLanguage":"it-IT","potentialAction":[{"@type":"ReadAction","target":["https:\/\/www.materdominivolley.it\/home\/2021\/06\/16\/16-06-2021-domenica-a-castellana-grotte-la-final4-regionale-u15m-in-attesa-delle-finali-nazionali-u17m\/"]}]},{"@type":"ImageObject","inLanguage":"it-IT","@id":"https:\/\/www.materdominivolley.it\/home\/2021\/06\/16\/16-06-2021-domenica-a-castellana-grotte-la-final4-regionale-u15m-in-attesa-delle-finali-nazionali-u17m\/#primaryimage","url":"https:\/\/www.materdominivolley.it\/home\/wp-content\/uploads\/2021\/06\/2021-06-16_MicheleMiccolis.jpg","contentUrl":"https:\/\/www.materdominivolley.it\/home\/wp-content\/uploads\/2021\/06\/2021-06-16_MicheleMiccolis.jpg","width":2238,"height":1486},{"@type":"BreadcrumbList","@id":"https:\/\/www.materdominivolley.it\/home\/2021\/06\/16\/16-06-2021-domenica-a-castellana-grotte-la-final4-regionale-u15m-in-attesa-delle-finali-nazionali-u17m\/#breadcrumb","itemListElement":[{"@type":"ListItem","position":1,"name":"Home","item":"https:\/\/www.materdominivolley.it\/home\/"},{"@type":"ListItem","position":2,"name":"16-06-2021: Domenica a Castellana Grotte la Final4 regionale U15M in attesa delle finali nazionali U17M"}]},{"@type":"WebSite","@id":"https:\/\/www.materdominivolley.it\/home\/#website","url":"https:\/\/www.materdominivolley.it\/home\/","name":"materdominivolley","description":"","publisher":{"@id":"https:\/\/www.materdominivolley.it\/home\/#organization"},"potentialAction":[{"@type":"SearchAction","target":{"@type":"EntryPoint","urlTemplate":"https:\/\/www.materdominivolley.it\/home\/?s={search_term_string}"},"query-input":{"@type":"PropertyValueSpecification","valueRequired":true,"valueName":"search_term_string"}}],"inLanguage":"it-IT"},{"@type":"Organization","@id":"https:\/\/www.materdominivolley.it\/home\/#organization","name":"Materdominivolley.it","url":"https:\/\/www.materdominivolley.it\/home\/","logo":{"@type":"ImageObject","inLanguage":"it-IT","@id":"https:\/\/www.materdominivolley.it\/home\/#\/schema\/logo\/image\/","url":"https:\/\/www.materdominivolley.it\/home\/wp-content\/uploads\/2019\/10\/Senza-titolo-1-2.png","contentUrl":"https:\/\/www.materdominivolley.it\/home\/wp-content\/uploads\/2019\/10\/Senza-titolo-1-2.png","width":180,"height":250,"caption":"Materdominivolley.it"},"image":{"@id":"https:\/\/www.materdominivolley.it\/home\/#\/schema\/logo\/image\/"},"sameAs":["https:\/\/www.facebook.com\/materdominivolleyit\/"]},{"@type":"Person","@id":"https:\/\/www.materdominivolley.it\/home\/#\/schema\/person\/e25e6fde79b638bfc129c166ce9b87df","name":"Ufficio Stampa","image":{"@type":"ImageObject","inLanguage":"it-IT","@id":"https:\/\/secure.gravatar.com\/avatar\/db2f0170b2723e3fead73d7427407214a40acfba07a61bf06d633126cbeaeea7?s=96&d=mm&r=g","url":"https:\/\/secure.gravatar.com\/avatar\/db2f0170b2723e3fead73d7427407214a40acfba07a61bf06d633126cbeaeea7?s=96&d=mm&r=g","contentUrl":"https:\/\/secure.gravatar.com\/avatar\/db2f0170b2723e3fead73d7427407214a40acfba07a61bf06d633126cbeaeea7?s=96&d=mm&r=g","caption":"Ufficio Stampa"},"url":"https:\/\/www.materdominivolley.it\/home\/author\/ufficiostampa\/"}]}},"_links":{"self":[{"href":"https:\/\/www.materdominivolley.it\/home\/wp-json\/wp\/v2\/posts\/2760","targetHints":{"allow":["GET"]}}],"collection":[{"href":"https:\/\/www.materdominivolley.it\/home\/wp-json\/wp\/v2\/posts"}],"about":[{"href":"https:\/\/www.materdominivolley.it\/home\/wp-json\/wp\/v2\/types\/post"}],"author":[{"embeddable":true,"href":"https:\/\/www.materdominivolley.it\/home\/wp-json\/wp\/v2\/users\/3"}],"replies":[{"embeddable":true,"href":"https:\/\/www.materdominivolley.it\/home\/wp-json\/wp\/v2\/comments?post=2760"}],"version-history":[{"count":1,"href":"https:\/\/www.materdominivolley.it\/home\/wp-json\/wp\/v2\/posts\/2760\/revisions"}],"predecessor-version":[{"id":2762,"href":"https:\/\/www.materdominivolley.it\/home\/wp-json\/wp\/v2\/posts\/2760\/revisions\/2762"}],"wp:featuredmedia":[{"embeddable":true,"href":"https:\/\/www.materdominivolley.it\/home\/wp-json\/wp\/v2\/media\/2761"}],"wp:attachment":[{"href":"https:\/\/www.materdominivolley.it\/home\/wp-json\/wp\/v2\/media?parent=2760"}],"wp:term":[{"taxonomy":"category","embeddable":true,"href":"https:\/\/www.materdominivolley.it\/home\/wp-json\/wp\/v2\/categories?post=2760"},{"taxonomy":"post_tag","embeddable":true,"href":"https:\/\/www.materdominivolley.it\/home\/wp-json\/wp\/v2\/tags?post=2760"}],"curies":[{"name":"wp","href":"https:\/\/api.w.org\/{rel}","templated":true}]}}