{"id":2828,"date":"2021-10-02T09:48:41","date_gmt":"2021-10-02T07:48:41","guid":{"rendered":"https:\/\/www.materdominivolley.it\/home\/?p=2828"},"modified":"2021-10-02T09:50:45","modified_gmt":"2021-10-02T07:50:45","slug":"materdomini-prima-amichevole-di-serie-b-e-secondo-open-day-cas","status":"publish","type":"post","link":"https:\/\/www.materdominivolley.it\/home\/2021\/10\/02\/materdomini-prima-amichevole-di-serie-b-e-secondo-open-day-cas\/","title":{"rendered":"Materdomini: prima amichevole di serie B e secondo \u201copen day\u201d CAS"},"content":{"rendered":"\n<p>La <strong>Materdominivolley.it Castellana Grotte<\/strong>, club impegnato nelle competizioni di volley maschile giovanile, nella quinta settimana di preseason mette in evidenza U19 e CAS.<\/p>\n\n\n\n<p>Per la selezione<strong> U19,<\/strong> infatti, <strong>luned\u00ec 4 ottobre<\/strong> c\u2019\u00e8 la <strong>prima amichevole interna<\/strong> contro la formazione di serie B <strong>Florigel Andria<\/strong>. L\u2019allenamento congiunto che si terr\u00e0 alle <strong>16.30<\/strong> presso il<strong> Pala Grotte<\/strong> rappresenta per i ragazzi allenati da<strong> Luca Leoni <\/strong>il primo test in campo in assoluto considerando che la trasferta contro il Taviano, programmata lo scorso gioved\u00ec 30 settembre, \u00e8 slittata per problemi tecnici a data da destinarsi. Pertanto, a tenere a battesimo la formazione giovanile giallo-blu verso il campionato nazionale di serie B (la Mater \u00e8 inclusa nel girone L &#8211; <strong>debutto in casa il prossimo 16\/10 contro Leverano)<\/strong> ci sar\u00e0 proprio il gommato amico di via Via dell\u2019Andro, intanto, in campionato le due squadre si ritroveranno il prossimo 20 novembre in occasione della sesta giornata.<\/p>\n\n\n\n<p><strong>CAS &#8211;<\/strong> \u00a0Sul fronte \u201cprimi palleggi\u201d <strong>mercoled\u00ec 6 ottobre<\/strong> c\u2019\u00e8 il secondo \u201c<strong>open day<\/strong>\u201d aperto gratuitamente a tutti i ragazzi dagli otto anni in su. \u201c<strong>Casa Mater<\/strong>\u201d, la palestra giallo-bl\u00f9 in via Vitantonio de Bellis a Castellana, apre nuovamente i cancelli, dopo il successo della primo incontro dello scorso 29 novembre, per un altro pomeriggio da vivere all\u2019insegna del gioco del volley: <strong>dalle ore 17 alle 18 per i nati nel 2012\/2013 e dalle 18.00 alle 19.00<\/strong> <strong>per le classi dal 2007 al 2011<\/strong>.<\/p>\n\n\n\n<p>Sar\u00e0, quindi, possibile provare gratuitamente i corsi di pallavolo promossi dall\u2019Accademia del Volley Giovanile di Puglia e pre-iscriversi per la stagione 2021\/2022, il tesseramento vero e proprio partir\u00e0 nelle settimana successiva. Ad accogliere le famiglie l\u2019istruttrice <strong>Patrizia di Masi<\/strong>, <strong>Simona Rizzi<\/strong>, team manager giallo-blu ed il presidente Michele Miccolis che spiegher\u00e0 i vantaggi del \u201c<strong>bonus\u201d giovani Fipav.<\/strong><\/p>\n\n\n\n<p>Ricordiamo, ancora una volta, che in questa stagione l\u2019opportunit\u00e0 dell\u2019avviamento al gioco della pallavolo \u00e8 ancor pi\u00f9 conveniente, infatti, per le famiglie che vorranno iscrivere i propri ragazzi al progetto Mater c\u2019\u00e8 il \u201c<strong>Voucher Giovani FIPAV<\/strong>\u201d. Il club giallo-blu, essendo affiliato FIPAV, ha aderito al bando nazionale di sostegno e promozione alla pratica del volley giovanile che si traduce nella possibilit\u00e0, fino ad esaurimento fondi, si poter beneficiare di un contributo economico riconosciuto a bambini di et\u00e0 compresa tra i 6 e i 12 anni ed erogato ai genitori per il tramite delle societ\u00e0 sportive affiliate Fipav. Sar\u00e0 possibile richiedere il bonus, del valore di&nbsp;<strong>100 euro<\/strong>&nbsp;che sale a&nbsp;<strong>150 euro<\/strong>&nbsp;per i ragazzi diversamente abili, direttamente all\u2019atto dell\u2019iscrizione. Sar\u00e0 poi necessario completare la procedura secondo le indicazioni fornite dalla societ\u00e0 sul sito federvolley.it.<\/p>\n\n\n\n<p>Per le iscrizioni \u00e8 possibile contattare il numero <strong>333\/6119534<\/strong>. Per ulteriori in formazioni \u00e8 possibile visitare il sito&nbsp;<a href=\"http:\/\/www.materdominivolley.it\/\">www.materdominivolley.it<\/a>&nbsp;o sul canale social Facebook <strong>Materdominivolley.it.<\/strong><\/p>\n","protected":false},"excerpt":{"rendered":"<p>La Materdominivolley.it Castellana Grotte, club impegnato nelle competizioni di volley maschile giovanile, nella quinta settimana di preseason mette in evidenza U19 e CAS. Per la selezione U19, infatti, luned\u00ec 4 ottobre c\u2019\u00e8 la prima amichevole interna contro la formazione di serie B Florigel Andria. L\u2019allenamento congiunto che si terr\u00e0 alle 16.30 presso il Pala Grotte [&hellip;]<\/p>\n","protected":false},"author":3,"featured_media":2829,"comment_status":"open","ping_status":"closed","sticky":true,"template":"","format":"standard","meta":{"footnotes":""},"categories":[12,53],"tags":[],"class_list":["post-2828","post","type-post","status-publish","format-standard","has-post-thumbnail","hentry","category-accademia","category-serie-b"],"yoast_head":"<!-- This site is optimized with the Yoast SEO plugin v27.4 - https:\/\/yoast.com\/product\/yoast-seo-wordpress\/ -->\n<title>Materdomini: prima amichevole di serie B e secondo \u201copen day\u201d CAS - materdominivolley<\/title>\n<meta name=\"robots\" content=\"index, follow, max-snippet:-1, max-image-preview:large, max-video-preview:-1\" \/>\n<link rel=\"canonical\" href=\"https:\/\/www.materdominivolley.it\/home\/2021\/10\/02\/materdomini-prima-amichevole-di-serie-b-e-secondo-open-day-cas\/\" \/>\n<meta property=\"og:locale\" content=\"it_IT\" \/>\n<meta property=\"og:type\" content=\"article\" \/>\n<meta property=\"og:title\" content=\"Materdomini: prima amichevole di serie B e secondo \u201copen day\u201d CAS - materdominivolley\" \/>\n<meta property=\"og:description\" content=\"La Materdominivolley.it Castellana Grotte, club impegnato nelle competizioni di volley maschile giovanile, nella quinta settimana di preseason mette in evidenza U19 e CAS. Per la selezione U19, infatti, luned\u00ec 4 ottobre c\u2019\u00e8 la prima amichevole interna contro la formazione di serie B Florigel Andria. L\u2019allenamento congiunto che si terr\u00e0 alle 16.30 presso il Pala Grotte [&hellip;]\" \/>\n<meta property=\"og:url\" content=\"https:\/\/www.materdominivolley.it\/home\/2021\/10\/02\/materdomini-prima-amichevole-di-serie-b-e-secondo-open-day-cas\/\" \/>\n<meta property=\"og:site_name\" content=\"materdominivolley\" \/>\n<meta property=\"article:publisher\" content=\"https:\/\/www.facebook.com\/materdominivolleyit\/\" \/>\n<meta property=\"article:published_time\" content=\"2021-10-02T07:48:41+00:00\" \/>\n<meta property=\"article:modified_time\" content=\"2021-10-02T07:50:45+00:00\" \/>\n<meta property=\"og:image\" content=\"https:\/\/www.materdominivolley.it\/home\/wp-content\/uploads\/2021\/10\/Prima-amichevole-e-secondo-open-day.png\" \/>\n\t<meta property=\"og:image:width\" content=\"1600\" \/>\n\t<meta property=\"og:image:height\" content=\"800\" \/>\n\t<meta property=\"og:image:type\" content=\"image\/png\" \/>\n<meta name=\"author\" content=\"Ufficio Stampa\" \/>\n<meta name=\"twitter:card\" content=\"summary_large_image\" \/>\n<meta name=\"twitter:label1\" content=\"Scritto da\" \/>\n\t<meta name=\"twitter:data1\" content=\"Ufficio Stampa\" \/>\n\t<meta name=\"twitter:label2\" content=\"Tempo di lettura stimato\" \/>\n\t<meta name=\"twitter:data2\" content=\"2 minuti\" \/>\n<script type=\"application\/ld+json\" class=\"yoast-schema-graph\">{\"@context\":\"https:\\\/\\\/schema.org\",\"@graph\":[{\"@type\":\"Article\",\"@id\":\"https:\\\/\\\/www.materdominivolley.it\\\/home\\\/2021\\\/10\\\/02\\\/materdomini-prima-amichevole-di-serie-b-e-secondo-open-day-cas\\\/#article\",\"isPartOf\":{\"@id\":\"https:\\\/\\\/www.materdominivolley.it\\\/home\\\/2021\\\/10\\\/02\\\/materdomini-prima-amichevole-di-serie-b-e-secondo-open-day-cas\\\/\"},\"author\":{\"name\":\"Ufficio Stampa\",\"@id\":\"https:\\\/\\\/www.materdominivolley.it\\\/home\\\/#\\\/schema\\\/person\\\/e25e6fde79b638bfc129c166ce9b87df\"},\"headline\":\"Materdomini: prima amichevole di serie B e secondo \u201copen day\u201d CAS\",\"datePublished\":\"2021-10-02T07:48:41+00:00\",\"dateModified\":\"2021-10-02T07:50:45+00:00\",\"mainEntityOfPage\":{\"@id\":\"https:\\\/\\\/www.materdominivolley.it\\\/home\\\/2021\\\/10\\\/02\\\/materdomini-prima-amichevole-di-serie-b-e-secondo-open-day-cas\\\/\"},\"wordCount\":458,\"commentCount\":0,\"publisher\":{\"@id\":\"https:\\\/\\\/www.materdominivolley.it\\\/home\\\/#organization\"},\"image\":{\"@id\":\"https:\\\/\\\/www.materdominivolley.it\\\/home\\\/2021\\\/10\\\/02\\\/materdomini-prima-amichevole-di-serie-b-e-secondo-open-day-cas\\\/#primaryimage\"},\"thumbnailUrl\":\"https:\\\/\\\/www.materdominivolley.it\\\/home\\\/wp-content\\\/uploads\\\/2021\\\/10\\\/Prima-amichevole-e-secondo-open-day.png\",\"articleSection\":[\"Accademia\",\"Serie B\"],\"inLanguage\":\"it-IT\",\"potentialAction\":[{\"@type\":\"CommentAction\",\"name\":\"Comment\",\"target\":[\"https:\\\/\\\/www.materdominivolley.it\\\/home\\\/2021\\\/10\\\/02\\\/materdomini-prima-amichevole-di-serie-b-e-secondo-open-day-cas\\\/#respond\"]}]},{\"@type\":\"WebPage\",\"@id\":\"https:\\\/\\\/www.materdominivolley.it\\\/home\\\/2021\\\/10\\\/02\\\/materdomini-prima-amichevole-di-serie-b-e-secondo-open-day-cas\\\/\",\"url\":\"https:\\\/\\\/www.materdominivolley.it\\\/home\\\/2021\\\/10\\\/02\\\/materdomini-prima-amichevole-di-serie-b-e-secondo-open-day-cas\\\/\",\"name\":\"Materdomini: prima amichevole di serie B e secondo \u201copen day\u201d CAS - materdominivolley\",\"isPartOf\":{\"@id\":\"https:\\\/\\\/www.materdominivolley.it\\\/home\\\/#website\"},\"primaryImageOfPage\":{\"@id\":\"https:\\\/\\\/www.materdominivolley.it\\\/home\\\/2021\\\/10\\\/02\\\/materdomini-prima-amichevole-di-serie-b-e-secondo-open-day-cas\\\/#primaryimage\"},\"image\":{\"@id\":\"https:\\\/\\\/www.materdominivolley.it\\\/home\\\/2021\\\/10\\\/02\\\/materdomini-prima-amichevole-di-serie-b-e-secondo-open-day-cas\\\/#primaryimage\"},\"thumbnailUrl\":\"https:\\\/\\\/www.materdominivolley.it\\\/home\\\/wp-content\\\/uploads\\\/2021\\\/10\\\/Prima-amichevole-e-secondo-open-day.png\",\"datePublished\":\"2021-10-02T07:48:41+00:00\",\"dateModified\":\"2021-10-02T07:50:45+00:00\",\"breadcrumb\":{\"@id\":\"https:\\\/\\\/www.materdominivolley.it\\\/home\\\/2021\\\/10\\\/02\\\/materdomini-prima-amichevole-di-serie-b-e-secondo-open-day-cas\\\/#breadcrumb\"},\"inLanguage\":\"it-IT\",\"potentialAction\":[{\"@type\":\"ReadAction\",\"target\":[\"https:\\\/\\\/www.materdominivolley.it\\\/home\\\/2021\\\/10\\\/02\\\/materdomini-prima-amichevole-di-serie-b-e-secondo-open-day-cas\\\/\"]}]},{\"@type\":\"ImageObject\",\"inLanguage\":\"it-IT\",\"@id\":\"https:\\\/\\\/www.materdominivolley.it\\\/home\\\/2021\\\/10\\\/02\\\/materdomini-prima-amichevole-di-serie-b-e-secondo-open-day-cas\\\/#primaryimage\",\"url\":\"https:\\\/\\\/www.materdominivolley.it\\\/home\\\/wp-content\\\/uploads\\\/2021\\\/10\\\/Prima-amichevole-e-secondo-open-day.png\",\"contentUrl\":\"https:\\\/\\\/www.materdominivolley.it\\\/home\\\/wp-content\\\/uploads\\\/2021\\\/10\\\/Prima-amichevole-e-secondo-open-day.png\",\"width\":1600,\"height\":800},{\"@type\":\"BreadcrumbList\",\"@id\":\"https:\\\/\\\/www.materdominivolley.it\\\/home\\\/2021\\\/10\\\/02\\\/materdomini-prima-amichevole-di-serie-b-e-secondo-open-day-cas\\\/#breadcrumb\",\"itemListElement\":[{\"@type\":\"ListItem\",\"position\":1,\"name\":\"Home\",\"item\":\"https:\\\/\\\/www.materdominivolley.it\\\/home\\\/\"},{\"@type\":\"ListItem\",\"position\":2,\"name\":\"Materdomini: prima amichevole di serie B e secondo \u201copen day\u201d CAS\"}]},{\"@type\":\"WebSite\",\"@id\":\"https:\\\/\\\/www.materdominivolley.it\\\/home\\\/#website\",\"url\":\"https:\\\/\\\/www.materdominivolley.it\\\/home\\\/\",\"name\":\"materdominivolley\",\"description\":\"\",\"publisher\":{\"@id\":\"https:\\\/\\\/www.materdominivolley.it\\\/home\\\/#organization\"},\"potentialAction\":[{\"@type\":\"SearchAction\",\"target\":{\"@type\":\"EntryPoint\",\"urlTemplate\":\"https:\\\/\\\/www.materdominivolley.it\\\/home\\\/?s={search_term_string}\"},\"query-input\":{\"@type\":\"PropertyValueSpecification\",\"valueRequired\":true,\"valueName\":\"search_term_string\"}}],\"inLanguage\":\"it-IT\"},{\"@type\":\"Organization\",\"@id\":\"https:\\\/\\\/www.materdominivolley.it\\\/home\\\/#organization\",\"name\":\"Materdominivolley.it\",\"url\":\"https:\\\/\\\/www.materdominivolley.it\\\/home\\\/\",\"logo\":{\"@type\":\"ImageObject\",\"inLanguage\":\"it-IT\",\"@id\":\"https:\\\/\\\/www.materdominivolley.it\\\/home\\\/#\\\/schema\\\/logo\\\/image\\\/\",\"url\":\"https:\\\/\\\/www.materdominivolley.it\\\/home\\\/wp-content\\\/uploads\\\/2019\\\/10\\\/Senza-titolo-1-2.png\",\"contentUrl\":\"https:\\\/\\\/www.materdominivolley.it\\\/home\\\/wp-content\\\/uploads\\\/2019\\\/10\\\/Senza-titolo-1-2.png\",\"width\":180,\"height\":250,\"caption\":\"Materdominivolley.it\"},\"image\":{\"@id\":\"https:\\\/\\\/www.materdominivolley.it\\\/home\\\/#\\\/schema\\\/logo\\\/image\\\/\"},\"sameAs\":[\"https:\\\/\\\/www.facebook.com\\\/materdominivolleyit\\\/\"]},{\"@type\":\"Person\",\"@id\":\"https:\\\/\\\/www.materdominivolley.it\\\/home\\\/#\\\/schema\\\/person\\\/e25e6fde79b638bfc129c166ce9b87df\",\"name\":\"Ufficio Stampa\",\"image\":{\"@type\":\"ImageObject\",\"inLanguage\":\"it-IT\",\"@id\":\"https:\\\/\\\/secure.gravatar.com\\\/avatar\\\/db2f0170b2723e3fead73d7427407214a40acfba07a61bf06d633126cbeaeea7?s=96&d=mm&r=g\",\"url\":\"https:\\\/\\\/secure.gravatar.com\\\/avatar\\\/db2f0170b2723e3fead73d7427407214a40acfba07a61bf06d633126cbeaeea7?s=96&d=mm&r=g\",\"contentUrl\":\"https:\\\/\\\/secure.gravatar.com\\\/avatar\\\/db2f0170b2723e3fead73d7427407214a40acfba07a61bf06d633126cbeaeea7?s=96&d=mm&r=g\",\"caption\":\"Ufficio Stampa\"},\"url\":\"https:\\\/\\\/www.materdominivolley.it\\\/home\\\/author\\\/ufficiostampa\\\/\"}]}<\/script>\n<!-- \/ Yoast SEO plugin. -->","yoast_head_json":{"title":"Materdomini: prima amichevole di serie B e secondo \u201copen day\u201d CAS - materdominivolley","robots":{"index":"index","follow":"follow","max-snippet":"max-snippet:-1","max-image-preview":"max-image-preview:large","max-video-preview":"max-video-preview:-1"},"canonical":"https:\/\/www.materdominivolley.it\/home\/2021\/10\/02\/materdomini-prima-amichevole-di-serie-b-e-secondo-open-day-cas\/","og_locale":"it_IT","og_type":"article","og_title":"Materdomini: prima amichevole di serie B e secondo \u201copen day\u201d CAS - materdominivolley","og_description":"La Materdominivolley.it Castellana Grotte, club impegnato nelle competizioni di volley maschile giovanile, nella quinta settimana di preseason mette in evidenza U19 e CAS. Per la selezione U19, infatti, luned\u00ec 4 ottobre c\u2019\u00e8 la prima amichevole interna contro la formazione di serie B Florigel Andria. L\u2019allenamento congiunto che si terr\u00e0 alle 16.30 presso il Pala Grotte [&hellip;]","og_url":"https:\/\/www.materdominivolley.it\/home\/2021\/10\/02\/materdomini-prima-amichevole-di-serie-b-e-secondo-open-day-cas\/","og_site_name":"materdominivolley","article_publisher":"https:\/\/www.facebook.com\/materdominivolleyit\/","article_published_time":"2021-10-02T07:48:41+00:00","article_modified_time":"2021-10-02T07:50:45+00:00","og_image":[{"width":1600,"height":800,"url":"https:\/\/www.materdominivolley.it\/home\/wp-content\/uploads\/2021\/10\/Prima-amichevole-e-secondo-open-day.png","type":"image\/png"}],"author":"Ufficio Stampa","twitter_card":"summary_large_image","twitter_misc":{"Scritto da":"Ufficio Stampa","Tempo di lettura stimato":"2 minuti"},"schema":{"@context":"https:\/\/schema.org","@graph":[{"@type":"Article","@id":"https:\/\/www.materdominivolley.it\/home\/2021\/10\/02\/materdomini-prima-amichevole-di-serie-b-e-secondo-open-day-cas\/#article","isPartOf":{"@id":"https:\/\/www.materdominivolley.it\/home\/2021\/10\/02\/materdomini-prima-amichevole-di-serie-b-e-secondo-open-day-cas\/"},"author":{"name":"Ufficio Stampa","@id":"https:\/\/www.materdominivolley.it\/home\/#\/schema\/person\/e25e6fde79b638bfc129c166ce9b87df"},"headline":"Materdomini: prima amichevole di serie B e secondo \u201copen day\u201d CAS","datePublished":"2021-10-02T07:48:41+00:00","dateModified":"2021-10-02T07:50:45+00:00","mainEntityOfPage":{"@id":"https:\/\/www.materdominivolley.it\/home\/2021\/10\/02\/materdomini-prima-amichevole-di-serie-b-e-secondo-open-day-cas\/"},"wordCount":458,"commentCount":0,"publisher":{"@id":"https:\/\/www.materdominivolley.it\/home\/#organization"},"image":{"@id":"https:\/\/www.materdominivolley.it\/home\/2021\/10\/02\/materdomini-prima-amichevole-di-serie-b-e-secondo-open-day-cas\/#primaryimage"},"thumbnailUrl":"https:\/\/www.materdominivolley.it\/home\/wp-content\/uploads\/2021\/10\/Prima-amichevole-e-secondo-open-day.png","articleSection":["Accademia","Serie B"],"inLanguage":"it-IT","potentialAction":[{"@type":"CommentAction","name":"Comment","target":["https:\/\/www.materdominivolley.it\/home\/2021\/10\/02\/materdomini-prima-amichevole-di-serie-b-e-secondo-open-day-cas\/#respond"]}]},{"@type":"WebPage","@id":"https:\/\/www.materdominivolley.it\/home\/2021\/10\/02\/materdomini-prima-amichevole-di-serie-b-e-secondo-open-day-cas\/","url":"https:\/\/www.materdominivolley.it\/home\/2021\/10\/02\/materdomini-prima-amichevole-di-serie-b-e-secondo-open-day-cas\/","name":"Materdomini: prima amichevole di serie B e secondo \u201copen day\u201d CAS - materdominivolley","isPartOf":{"@id":"https:\/\/www.materdominivolley.it\/home\/#website"},"primaryImageOfPage":{"@id":"https:\/\/www.materdominivolley.it\/home\/2021\/10\/02\/materdomini-prima-amichevole-di-serie-b-e-secondo-open-day-cas\/#primaryimage"},"image":{"@id":"https:\/\/www.materdominivolley.it\/home\/2021\/10\/02\/materdomini-prima-amichevole-di-serie-b-e-secondo-open-day-cas\/#primaryimage"},"thumbnailUrl":"https:\/\/www.materdominivolley.it\/home\/wp-content\/uploads\/2021\/10\/Prima-amichevole-e-secondo-open-day.png","datePublished":"2021-10-02T07:48:41+00:00","dateModified":"2021-10-02T07:50:45+00:00","breadcrumb":{"@id":"https:\/\/www.materdominivolley.it\/home\/2021\/10\/02\/materdomini-prima-amichevole-di-serie-b-e-secondo-open-day-cas\/#breadcrumb"},"inLanguage":"it-IT","potentialAction":[{"@type":"ReadAction","target":["https:\/\/www.materdominivolley.it\/home\/2021\/10\/02\/materdomini-prima-amichevole-di-serie-b-e-secondo-open-day-cas\/"]}]},{"@type":"ImageObject","inLanguage":"it-IT","@id":"https:\/\/www.materdominivolley.it\/home\/2021\/10\/02\/materdomini-prima-amichevole-di-serie-b-e-secondo-open-day-cas\/#primaryimage","url":"https:\/\/www.materdominivolley.it\/home\/wp-content\/uploads\/2021\/10\/Prima-amichevole-e-secondo-open-day.png","contentUrl":"https:\/\/www.materdominivolley.it\/home\/wp-content\/uploads\/2021\/10\/Prima-amichevole-e-secondo-open-day.png","width":1600,"height":800},{"@type":"BreadcrumbList","@id":"https:\/\/www.materdominivolley.it\/home\/2021\/10\/02\/materdomini-prima-amichevole-di-serie-b-e-secondo-open-day-cas\/#breadcrumb","itemListElement":[{"@type":"ListItem","position":1,"name":"Home","item":"https:\/\/www.materdominivolley.it\/home\/"},{"@type":"ListItem","position":2,"name":"Materdomini: prima amichevole di serie B e secondo \u201copen day\u201d CAS"}]},{"@type":"WebSite","@id":"https:\/\/www.materdominivolley.it\/home\/#website","url":"https:\/\/www.materdominivolley.it\/home\/","name":"materdominivolley","description":"","publisher":{"@id":"https:\/\/www.materdominivolley.it\/home\/#organization"},"potentialAction":[{"@type":"SearchAction","target":{"@type":"EntryPoint","urlTemplate":"https:\/\/www.materdominivolley.it\/home\/?s={search_term_string}"},"query-input":{"@type":"PropertyValueSpecification","valueRequired":true,"valueName":"search_term_string"}}],"inLanguage":"it-IT"},{"@type":"Organization","@id":"https:\/\/www.materdominivolley.it\/home\/#organization","name":"Materdominivolley.it","url":"https:\/\/www.materdominivolley.it\/home\/","logo":{"@type":"ImageObject","inLanguage":"it-IT","@id":"https:\/\/www.materdominivolley.it\/home\/#\/schema\/logo\/image\/","url":"https:\/\/www.materdominivolley.it\/home\/wp-content\/uploads\/2019\/10\/Senza-titolo-1-2.png","contentUrl":"https:\/\/www.materdominivolley.it\/home\/wp-content\/uploads\/2019\/10\/Senza-titolo-1-2.png","width":180,"height":250,"caption":"Materdominivolley.it"},"image":{"@id":"https:\/\/www.materdominivolley.it\/home\/#\/schema\/logo\/image\/"},"sameAs":["https:\/\/www.facebook.com\/materdominivolleyit\/"]},{"@type":"Person","@id":"https:\/\/www.materdominivolley.it\/home\/#\/schema\/person\/e25e6fde79b638bfc129c166ce9b87df","name":"Ufficio Stampa","image":{"@type":"ImageObject","inLanguage":"it-IT","@id":"https:\/\/secure.gravatar.com\/avatar\/db2f0170b2723e3fead73d7427407214a40acfba07a61bf06d633126cbeaeea7?s=96&d=mm&r=g","url":"https:\/\/secure.gravatar.com\/avatar\/db2f0170b2723e3fead73d7427407214a40acfba07a61bf06d633126cbeaeea7?s=96&d=mm&r=g","contentUrl":"https:\/\/secure.gravatar.com\/avatar\/db2f0170b2723e3fead73d7427407214a40acfba07a61bf06d633126cbeaeea7?s=96&d=mm&r=g","caption":"Ufficio Stampa"},"url":"https:\/\/www.materdominivolley.it\/home\/author\/ufficiostampa\/"}]}},"_links":{"self":[{"href":"https:\/\/www.materdominivolley.it\/home\/wp-json\/wp\/v2\/posts\/2828","targetHints":{"allow":["GET"]}}],"collection":[{"href":"https:\/\/www.materdominivolley.it\/home\/wp-json\/wp\/v2\/posts"}],"about":[{"href":"https:\/\/www.materdominivolley.it\/home\/wp-json\/wp\/v2\/types\/post"}],"author":[{"embeddable":true,"href":"https:\/\/www.materdominivolley.it\/home\/wp-json\/wp\/v2\/users\/3"}],"replies":[{"embeddable":true,"href":"https:\/\/www.materdominivolley.it\/home\/wp-json\/wp\/v2\/comments?post=2828"}],"version-history":[{"count":2,"href":"https:\/\/www.materdominivolley.it\/home\/wp-json\/wp\/v2\/posts\/2828\/revisions"}],"predecessor-version":[{"id":2831,"href":"https:\/\/www.materdominivolley.it\/home\/wp-json\/wp\/v2\/posts\/2828\/revisions\/2831"}],"wp:featuredmedia":[{"embeddable":true,"href":"https:\/\/www.materdominivolley.it\/home\/wp-json\/wp\/v2\/media\/2829"}],"wp:attachment":[{"href":"https:\/\/www.materdominivolley.it\/home\/wp-json\/wp\/v2\/media?parent=2828"}],"wp:term":[{"taxonomy":"category","embeddable":true,"href":"https:\/\/www.materdominivolley.it\/home\/wp-json\/wp\/v2\/categories?post=2828"},{"taxonomy":"post_tag","embeddable":true,"href":"https:\/\/www.materdominivolley.it\/home\/wp-json\/wp\/v2\/tags?post=2828"}],"curies":[{"name":"wp","href":"https:\/\/api.w.org\/{rel}","templated":true}]}}