{"id":4203,"date":"2024-10-31T10:48:58","date_gmt":"2024-10-31T09:48:58","guid":{"rendered":"https:\/\/www.materdominivolley.it\/home\/?p=4203"},"modified":"2024-10-31T10:49:44","modified_gmt":"2024-10-31T09:49:44","slug":"debutto-stagionale-in-serie-c-per-lu19","status":"publish","type":"post","link":"https:\/\/www.materdominivolley.it\/home\/2024\/10\/31\/debutto-stagionale-in-serie-c-per-lu19\/","title":{"rendered":"Debutto stagionale in serie C per l\u2019U19"},"content":{"rendered":"\n<p>Al via il campionato di <strong>serie C <\/strong>per la <strong>Materdominivolley.it Castellana Grotte<\/strong>. Inizier\u00e0 domenica 3 Novembre in esterna contro Squinzano il percorso della selezione juniores dell\u2019academy nel massimo campionato regionale, prima battuta ore 18:30. Dopo aver osservato il primo turno di riposo il gruppo dei giovani talenti allenati <strong>Domenico Farella<\/strong> far\u00e0 cos\u00ec l\u2019esordio nel torneo di C con l\u2019unico obiettivo di crescere ed arricchire il proprio bagaglio di esperienza sportiva. Intanto la scorsa settimana il gruppo pi\u00f9 giovane U17 ha esordito <strong>in serie D<\/strong> cedendo per 3-1 sull\u2019ostico campo del Nard\u00f2: \u201c<em>Come prima gara di campionato<\/em> &#8211; \u00a0commenta mister Farella <em>&#8211; i ragazzi U16\/17, insieme a qualche U15, hanno fornito una buona prova. Il primo set \u00e8 stato impeccabile, con una risposta positiva in tutti i fondamentali. Tuttavia, nelle frazioni di gioco successive abbiamo visto un aumento significativo degli errori, cosa che in questa fase della stagione non ci spaventa\u201d.<\/em><\/p>\n\n\n\n<p>Siamo consapevoli delle aree in cui dobbiamo migliorare e lavoreremo con impegno durante la settimana, ponendoci piccoli obiettivi gara dopo gara\u201d.<\/p>\n\n\n\n<p>Ci sar\u00e0 subito occasione per mettere nuovamente alla prova il gruppo U17 che gi\u00e0 <strong>sabato 2 Novembre sar\u00e0 impegnato stavolta per l\u2019esordio casalingo, presso \u201cCasa Mater\u201d, contro l\u2019ASD Pallavolo Apulia Monopoli, fischio d\u2019inizio ore 16:30. \u00a0\u00a0\u00a0\u00a0<\/strong><\/p>\n\n\n\n<p>Tanto entusiasmo anche per la Team Manager Simona Rizzi che assiste e coordina le attivit\u00e0 logistiche di tutti i ragazzi dell\u2019academy: \u201c<em>Gli esordi stagionali sono sempre motivo di emozione perch\u00e9 si inizia con appuntamenti agonistici una nuova avventura che impegner\u00e0 per tutta la stagione i ragazzi impegnati nelle varie categorie. Si apre quindi una fase di crescita molto intensa che metter\u00e0 tutti alla prova per imparare ad affrontare le sfide con la giusta concentrazione senza mai trascurare lo studio e tutti gli altri aspetti che quotidianamente si vivono all\u2019academy<\/em>\u201d. &nbsp;<\/p>\n\n\n\n<p><em>In foto Simona Rizzi<\/em><\/p>\n\n\n\n<p><\/p>\n","protected":false},"excerpt":{"rendered":"<p>Al via il campionato di serie C per la Materdominivolley.it Castellana Grotte. Inizier\u00e0 domenica 3 Novembre in esterna contro Squinzano il percorso della selezione juniores dell\u2019academy nel massimo campionato regionale, prima battuta ore 18:30. Dopo aver osservato il primo turno di riposo il gruppo dei giovani talenti allenati Domenico Farella far\u00e0 cos\u00ec l\u2019esordio nel torneo [&hellip;]<\/p>\n","protected":false},"author":3,"featured_media":3805,"comment_status":"open","ping_status":"closed","sticky":false,"template":"","format":"standard","meta":{"footnotes":""},"categories":[1],"tags":[],"class_list":["post-4203","post","type-post","status-publish","format-standard","has-post-thumbnail","hentry","category-senza-categoria"],"yoast_head":"<!-- This site is optimized with the Yoast SEO plugin v27.4 - https:\/\/yoast.com\/product\/yoast-seo-wordpress\/ -->\n<title>Debutto stagionale in serie C per l\u2019U19 - materdominivolley<\/title>\n<meta name=\"robots\" content=\"index, follow, max-snippet:-1, max-image-preview:large, max-video-preview:-1\" \/>\n<link rel=\"canonical\" href=\"https:\/\/www.materdominivolley.it\/home\/2024\/10\/31\/debutto-stagionale-in-serie-c-per-lu19\/\" \/>\n<meta property=\"og:locale\" content=\"it_IT\" \/>\n<meta property=\"og:type\" content=\"article\" \/>\n<meta property=\"og:title\" content=\"Debutto stagionale in serie C per l\u2019U19 - materdominivolley\" \/>\n<meta property=\"og:description\" content=\"Al via il campionato di serie C per la Materdominivolley.it Castellana Grotte. Inizier\u00e0 domenica 3 Novembre in esterna contro Squinzano il percorso della selezione juniores dell\u2019academy nel massimo campionato regionale, prima battuta ore 18:30. Dopo aver osservato il primo turno di riposo il gruppo dei giovani talenti allenati Domenico Farella far\u00e0 cos\u00ec l\u2019esordio nel torneo [&hellip;]\" \/>\n<meta property=\"og:url\" content=\"https:\/\/www.materdominivolley.it\/home\/2024\/10\/31\/debutto-stagionale-in-serie-c-per-lu19\/\" \/>\n<meta property=\"og:site_name\" content=\"materdominivolley\" \/>\n<meta property=\"article:publisher\" content=\"https:\/\/www.facebook.com\/materdominivolleyit\/\" \/>\n<meta property=\"article:published_time\" content=\"2024-10-31T09:48:58+00:00\" \/>\n<meta property=\"article:modified_time\" content=\"2024-10-31T09:49:44+00:00\" \/>\n<meta property=\"og:image\" content=\"https:\/\/www.materdominivolley.it\/home\/wp-content\/uploads\/2023\/09\/Simona-Rizzi.jpeg\" \/>\n\t<meta property=\"og:image:width\" content=\"1080\" \/>\n\t<meta property=\"og:image:height\" content=\"1350\" \/>\n\t<meta property=\"og:image:type\" content=\"image\/jpeg\" \/>\n<meta name=\"author\" content=\"Ufficio Stampa\" \/>\n<meta name=\"twitter:card\" content=\"summary_large_image\" \/>\n<meta name=\"twitter:label1\" content=\"Scritto da\" \/>\n\t<meta name=\"twitter:data1\" content=\"Ufficio Stampa\" \/>\n\t<meta name=\"twitter:label2\" content=\"Tempo di lettura stimato\" \/>\n\t<meta name=\"twitter:data2\" content=\"2 minuti\" \/>\n<script type=\"application\/ld+json\" class=\"yoast-schema-graph\">{\"@context\":\"https:\\\/\\\/schema.org\",\"@graph\":[{\"@type\":\"Article\",\"@id\":\"https:\\\/\\\/www.materdominivolley.it\\\/home\\\/2024\\\/10\\\/31\\\/debutto-stagionale-in-serie-c-per-lu19\\\/#article\",\"isPartOf\":{\"@id\":\"https:\\\/\\\/www.materdominivolley.it\\\/home\\\/2024\\\/10\\\/31\\\/debutto-stagionale-in-serie-c-per-lu19\\\/\"},\"author\":{\"name\":\"Ufficio Stampa\",\"@id\":\"https:\\\/\\\/www.materdominivolley.it\\\/home\\\/#\\\/schema\\\/person\\\/e25e6fde79b638bfc129c166ce9b87df\"},\"headline\":\"Debutto stagionale in serie C per l\u2019U19\",\"datePublished\":\"2024-10-31T09:48:58+00:00\",\"dateModified\":\"2024-10-31T09:49:44+00:00\",\"mainEntityOfPage\":{\"@id\":\"https:\\\/\\\/www.materdominivolley.it\\\/home\\\/2024\\\/10\\\/31\\\/debutto-stagionale-in-serie-c-per-lu19\\\/\"},\"wordCount\":313,\"commentCount\":0,\"publisher\":{\"@id\":\"https:\\\/\\\/www.materdominivolley.it\\\/home\\\/#organization\"},\"image\":{\"@id\":\"https:\\\/\\\/www.materdominivolley.it\\\/home\\\/2024\\\/10\\\/31\\\/debutto-stagionale-in-serie-c-per-lu19\\\/#primaryimage\"},\"thumbnailUrl\":\"https:\\\/\\\/www.materdominivolley.it\\\/home\\\/wp-content\\\/uploads\\\/2023\\\/09\\\/Simona-Rizzi.jpeg\",\"inLanguage\":\"it-IT\",\"potentialAction\":[{\"@type\":\"CommentAction\",\"name\":\"Comment\",\"target\":[\"https:\\\/\\\/www.materdominivolley.it\\\/home\\\/2024\\\/10\\\/31\\\/debutto-stagionale-in-serie-c-per-lu19\\\/#respond\"]}]},{\"@type\":\"WebPage\",\"@id\":\"https:\\\/\\\/www.materdominivolley.it\\\/home\\\/2024\\\/10\\\/31\\\/debutto-stagionale-in-serie-c-per-lu19\\\/\",\"url\":\"https:\\\/\\\/www.materdominivolley.it\\\/home\\\/2024\\\/10\\\/31\\\/debutto-stagionale-in-serie-c-per-lu19\\\/\",\"name\":\"Debutto stagionale in serie C per l\u2019U19 - materdominivolley\",\"isPartOf\":{\"@id\":\"https:\\\/\\\/www.materdominivolley.it\\\/home\\\/#website\"},\"primaryImageOfPage\":{\"@id\":\"https:\\\/\\\/www.materdominivolley.it\\\/home\\\/2024\\\/10\\\/31\\\/debutto-stagionale-in-serie-c-per-lu19\\\/#primaryimage\"},\"image\":{\"@id\":\"https:\\\/\\\/www.materdominivolley.it\\\/home\\\/2024\\\/10\\\/31\\\/debutto-stagionale-in-serie-c-per-lu19\\\/#primaryimage\"},\"thumbnailUrl\":\"https:\\\/\\\/www.materdominivolley.it\\\/home\\\/wp-content\\\/uploads\\\/2023\\\/09\\\/Simona-Rizzi.jpeg\",\"datePublished\":\"2024-10-31T09:48:58+00:00\",\"dateModified\":\"2024-10-31T09:49:44+00:00\",\"breadcrumb\":{\"@id\":\"https:\\\/\\\/www.materdominivolley.it\\\/home\\\/2024\\\/10\\\/31\\\/debutto-stagionale-in-serie-c-per-lu19\\\/#breadcrumb\"},\"inLanguage\":\"it-IT\",\"potentialAction\":[{\"@type\":\"ReadAction\",\"target\":[\"https:\\\/\\\/www.materdominivolley.it\\\/home\\\/2024\\\/10\\\/31\\\/debutto-stagionale-in-serie-c-per-lu19\\\/\"]}]},{\"@type\":\"ImageObject\",\"inLanguage\":\"it-IT\",\"@id\":\"https:\\\/\\\/www.materdominivolley.it\\\/home\\\/2024\\\/10\\\/31\\\/debutto-stagionale-in-serie-c-per-lu19\\\/#primaryimage\",\"url\":\"https:\\\/\\\/www.materdominivolley.it\\\/home\\\/wp-content\\\/uploads\\\/2023\\\/09\\\/Simona-Rizzi.jpeg\",\"contentUrl\":\"https:\\\/\\\/www.materdominivolley.it\\\/home\\\/wp-content\\\/uploads\\\/2023\\\/09\\\/Simona-Rizzi.jpeg\",\"width\":1080,\"height\":1350},{\"@type\":\"BreadcrumbList\",\"@id\":\"https:\\\/\\\/www.materdominivolley.it\\\/home\\\/2024\\\/10\\\/31\\\/debutto-stagionale-in-serie-c-per-lu19\\\/#breadcrumb\",\"itemListElement\":[{\"@type\":\"ListItem\",\"position\":1,\"name\":\"Home\",\"item\":\"https:\\\/\\\/www.materdominivolley.it\\\/home\\\/\"},{\"@type\":\"ListItem\",\"position\":2,\"name\":\"Debutto stagionale in serie C per l\u2019U19\"}]},{\"@type\":\"WebSite\",\"@id\":\"https:\\\/\\\/www.materdominivolley.it\\\/home\\\/#website\",\"url\":\"https:\\\/\\\/www.materdominivolley.it\\\/home\\\/\",\"name\":\"materdominivolley\",\"description\":\"\",\"publisher\":{\"@id\":\"https:\\\/\\\/www.materdominivolley.it\\\/home\\\/#organization\"},\"potentialAction\":[{\"@type\":\"SearchAction\",\"target\":{\"@type\":\"EntryPoint\",\"urlTemplate\":\"https:\\\/\\\/www.materdominivolley.it\\\/home\\\/?s={search_term_string}\"},\"query-input\":{\"@type\":\"PropertyValueSpecification\",\"valueRequired\":true,\"valueName\":\"search_term_string\"}}],\"inLanguage\":\"it-IT\"},{\"@type\":\"Organization\",\"@id\":\"https:\\\/\\\/www.materdominivolley.it\\\/home\\\/#organization\",\"name\":\"Materdominivolley.it\",\"url\":\"https:\\\/\\\/www.materdominivolley.it\\\/home\\\/\",\"logo\":{\"@type\":\"ImageObject\",\"inLanguage\":\"it-IT\",\"@id\":\"https:\\\/\\\/www.materdominivolley.it\\\/home\\\/#\\\/schema\\\/logo\\\/image\\\/\",\"url\":\"https:\\\/\\\/www.materdominivolley.it\\\/home\\\/wp-content\\\/uploads\\\/2019\\\/10\\\/Senza-titolo-1-2.png\",\"contentUrl\":\"https:\\\/\\\/www.materdominivolley.it\\\/home\\\/wp-content\\\/uploads\\\/2019\\\/10\\\/Senza-titolo-1-2.png\",\"width\":180,\"height\":250,\"caption\":\"Materdominivolley.it\"},\"image\":{\"@id\":\"https:\\\/\\\/www.materdominivolley.it\\\/home\\\/#\\\/schema\\\/logo\\\/image\\\/\"},\"sameAs\":[\"https:\\\/\\\/www.facebook.com\\\/materdominivolleyit\\\/\"]},{\"@type\":\"Person\",\"@id\":\"https:\\\/\\\/www.materdominivolley.it\\\/home\\\/#\\\/schema\\\/person\\\/e25e6fde79b638bfc129c166ce9b87df\",\"name\":\"Ufficio Stampa\",\"image\":{\"@type\":\"ImageObject\",\"inLanguage\":\"it-IT\",\"@id\":\"https:\\\/\\\/secure.gravatar.com\\\/avatar\\\/db2f0170b2723e3fead73d7427407214a40acfba07a61bf06d633126cbeaeea7?s=96&d=mm&r=g\",\"url\":\"https:\\\/\\\/secure.gravatar.com\\\/avatar\\\/db2f0170b2723e3fead73d7427407214a40acfba07a61bf06d633126cbeaeea7?s=96&d=mm&r=g\",\"contentUrl\":\"https:\\\/\\\/secure.gravatar.com\\\/avatar\\\/db2f0170b2723e3fead73d7427407214a40acfba07a61bf06d633126cbeaeea7?s=96&d=mm&r=g\",\"caption\":\"Ufficio Stampa\"},\"url\":\"https:\\\/\\\/www.materdominivolley.it\\\/home\\\/author\\\/ufficiostampa\\\/\"}]}<\/script>\n<!-- \/ Yoast SEO plugin. -->","yoast_head_json":{"title":"Debutto stagionale in serie C per l\u2019U19 - materdominivolley","robots":{"index":"index","follow":"follow","max-snippet":"max-snippet:-1","max-image-preview":"max-image-preview:large","max-video-preview":"max-video-preview:-1"},"canonical":"https:\/\/www.materdominivolley.it\/home\/2024\/10\/31\/debutto-stagionale-in-serie-c-per-lu19\/","og_locale":"it_IT","og_type":"article","og_title":"Debutto stagionale in serie C per l\u2019U19 - materdominivolley","og_description":"Al via il campionato di serie C per la Materdominivolley.it Castellana Grotte. Inizier\u00e0 domenica 3 Novembre in esterna contro Squinzano il percorso della selezione juniores dell\u2019academy nel massimo campionato regionale, prima battuta ore 18:30. Dopo aver osservato il primo turno di riposo il gruppo dei giovani talenti allenati Domenico Farella far\u00e0 cos\u00ec l\u2019esordio nel torneo [&hellip;]","og_url":"https:\/\/www.materdominivolley.it\/home\/2024\/10\/31\/debutto-stagionale-in-serie-c-per-lu19\/","og_site_name":"materdominivolley","article_publisher":"https:\/\/www.facebook.com\/materdominivolleyit\/","article_published_time":"2024-10-31T09:48:58+00:00","article_modified_time":"2024-10-31T09:49:44+00:00","og_image":[{"width":1080,"height":1350,"url":"https:\/\/www.materdominivolley.it\/home\/wp-content\/uploads\/2023\/09\/Simona-Rizzi.jpeg","type":"image\/jpeg"}],"author":"Ufficio Stampa","twitter_card":"summary_large_image","twitter_misc":{"Scritto da":"Ufficio Stampa","Tempo di lettura stimato":"2 minuti"},"schema":{"@context":"https:\/\/schema.org","@graph":[{"@type":"Article","@id":"https:\/\/www.materdominivolley.it\/home\/2024\/10\/31\/debutto-stagionale-in-serie-c-per-lu19\/#article","isPartOf":{"@id":"https:\/\/www.materdominivolley.it\/home\/2024\/10\/31\/debutto-stagionale-in-serie-c-per-lu19\/"},"author":{"name":"Ufficio Stampa","@id":"https:\/\/www.materdominivolley.it\/home\/#\/schema\/person\/e25e6fde79b638bfc129c166ce9b87df"},"headline":"Debutto stagionale in serie C per l\u2019U19","datePublished":"2024-10-31T09:48:58+00:00","dateModified":"2024-10-31T09:49:44+00:00","mainEntityOfPage":{"@id":"https:\/\/www.materdominivolley.it\/home\/2024\/10\/31\/debutto-stagionale-in-serie-c-per-lu19\/"},"wordCount":313,"commentCount":0,"publisher":{"@id":"https:\/\/www.materdominivolley.it\/home\/#organization"},"image":{"@id":"https:\/\/www.materdominivolley.it\/home\/2024\/10\/31\/debutto-stagionale-in-serie-c-per-lu19\/#primaryimage"},"thumbnailUrl":"https:\/\/www.materdominivolley.it\/home\/wp-content\/uploads\/2023\/09\/Simona-Rizzi.jpeg","inLanguage":"it-IT","potentialAction":[{"@type":"CommentAction","name":"Comment","target":["https:\/\/www.materdominivolley.it\/home\/2024\/10\/31\/debutto-stagionale-in-serie-c-per-lu19\/#respond"]}]},{"@type":"WebPage","@id":"https:\/\/www.materdominivolley.it\/home\/2024\/10\/31\/debutto-stagionale-in-serie-c-per-lu19\/","url":"https:\/\/www.materdominivolley.it\/home\/2024\/10\/31\/debutto-stagionale-in-serie-c-per-lu19\/","name":"Debutto stagionale in serie C per l\u2019U19 - materdominivolley","isPartOf":{"@id":"https:\/\/www.materdominivolley.it\/home\/#website"},"primaryImageOfPage":{"@id":"https:\/\/www.materdominivolley.it\/home\/2024\/10\/31\/debutto-stagionale-in-serie-c-per-lu19\/#primaryimage"},"image":{"@id":"https:\/\/www.materdominivolley.it\/home\/2024\/10\/31\/debutto-stagionale-in-serie-c-per-lu19\/#primaryimage"},"thumbnailUrl":"https:\/\/www.materdominivolley.it\/home\/wp-content\/uploads\/2023\/09\/Simona-Rizzi.jpeg","datePublished":"2024-10-31T09:48:58+00:00","dateModified":"2024-10-31T09:49:44+00:00","breadcrumb":{"@id":"https:\/\/www.materdominivolley.it\/home\/2024\/10\/31\/debutto-stagionale-in-serie-c-per-lu19\/#breadcrumb"},"inLanguage":"it-IT","potentialAction":[{"@type":"ReadAction","target":["https:\/\/www.materdominivolley.it\/home\/2024\/10\/31\/debutto-stagionale-in-serie-c-per-lu19\/"]}]},{"@type":"ImageObject","inLanguage":"it-IT","@id":"https:\/\/www.materdominivolley.it\/home\/2024\/10\/31\/debutto-stagionale-in-serie-c-per-lu19\/#primaryimage","url":"https:\/\/www.materdominivolley.it\/home\/wp-content\/uploads\/2023\/09\/Simona-Rizzi.jpeg","contentUrl":"https:\/\/www.materdominivolley.it\/home\/wp-content\/uploads\/2023\/09\/Simona-Rizzi.jpeg","width":1080,"height":1350},{"@type":"BreadcrumbList","@id":"https:\/\/www.materdominivolley.it\/home\/2024\/10\/31\/debutto-stagionale-in-serie-c-per-lu19\/#breadcrumb","itemListElement":[{"@type":"ListItem","position":1,"name":"Home","item":"https:\/\/www.materdominivolley.it\/home\/"},{"@type":"ListItem","position":2,"name":"Debutto stagionale in serie C per l\u2019U19"}]},{"@type":"WebSite","@id":"https:\/\/www.materdominivolley.it\/home\/#website","url":"https:\/\/www.materdominivolley.it\/home\/","name":"materdominivolley","description":"","publisher":{"@id":"https:\/\/www.materdominivolley.it\/home\/#organization"},"potentialAction":[{"@type":"SearchAction","target":{"@type":"EntryPoint","urlTemplate":"https:\/\/www.materdominivolley.it\/home\/?s={search_term_string}"},"query-input":{"@type":"PropertyValueSpecification","valueRequired":true,"valueName":"search_term_string"}}],"inLanguage":"it-IT"},{"@type":"Organization","@id":"https:\/\/www.materdominivolley.it\/home\/#organization","name":"Materdominivolley.it","url":"https:\/\/www.materdominivolley.it\/home\/","logo":{"@type":"ImageObject","inLanguage":"it-IT","@id":"https:\/\/www.materdominivolley.it\/home\/#\/schema\/logo\/image\/","url":"https:\/\/www.materdominivolley.it\/home\/wp-content\/uploads\/2019\/10\/Senza-titolo-1-2.png","contentUrl":"https:\/\/www.materdominivolley.it\/home\/wp-content\/uploads\/2019\/10\/Senza-titolo-1-2.png","width":180,"height":250,"caption":"Materdominivolley.it"},"image":{"@id":"https:\/\/www.materdominivolley.it\/home\/#\/schema\/logo\/image\/"},"sameAs":["https:\/\/www.facebook.com\/materdominivolleyit\/"]},{"@type":"Person","@id":"https:\/\/www.materdominivolley.it\/home\/#\/schema\/person\/e25e6fde79b638bfc129c166ce9b87df","name":"Ufficio Stampa","image":{"@type":"ImageObject","inLanguage":"it-IT","@id":"https:\/\/secure.gravatar.com\/avatar\/db2f0170b2723e3fead73d7427407214a40acfba07a61bf06d633126cbeaeea7?s=96&d=mm&r=g","url":"https:\/\/secure.gravatar.com\/avatar\/db2f0170b2723e3fead73d7427407214a40acfba07a61bf06d633126cbeaeea7?s=96&d=mm&r=g","contentUrl":"https:\/\/secure.gravatar.com\/avatar\/db2f0170b2723e3fead73d7427407214a40acfba07a61bf06d633126cbeaeea7?s=96&d=mm&r=g","caption":"Ufficio Stampa"},"url":"https:\/\/www.materdominivolley.it\/home\/author\/ufficiostampa\/"}]}},"_links":{"self":[{"href":"https:\/\/www.materdominivolley.it\/home\/wp-json\/wp\/v2\/posts\/4203","targetHints":{"allow":["GET"]}}],"collection":[{"href":"https:\/\/www.materdominivolley.it\/home\/wp-json\/wp\/v2\/posts"}],"about":[{"href":"https:\/\/www.materdominivolley.it\/home\/wp-json\/wp\/v2\/types\/post"}],"author":[{"embeddable":true,"href":"https:\/\/www.materdominivolley.it\/home\/wp-json\/wp\/v2\/users\/3"}],"replies":[{"embeddable":true,"href":"https:\/\/www.materdominivolley.it\/home\/wp-json\/wp\/v2\/comments?post=4203"}],"version-history":[{"count":2,"href":"https:\/\/www.materdominivolley.it\/home\/wp-json\/wp\/v2\/posts\/4203\/revisions"}],"predecessor-version":[{"id":4205,"href":"https:\/\/www.materdominivolley.it\/home\/wp-json\/wp\/v2\/posts\/4203\/revisions\/4205"}],"wp:featuredmedia":[{"embeddable":true,"href":"https:\/\/www.materdominivolley.it\/home\/wp-json\/wp\/v2\/media\/3805"}],"wp:attachment":[{"href":"https:\/\/www.materdominivolley.it\/home\/wp-json\/wp\/v2\/media?parent=4203"}],"wp:term":[{"taxonomy":"category","embeddable":true,"href":"https:\/\/www.materdominivolley.it\/home\/wp-json\/wp\/v2\/categories?post=4203"},{"taxonomy":"post_tag","embeddable":true,"href":"https:\/\/www.materdominivolley.it\/home\/wp-json\/wp\/v2\/tags?post=4203"}],"curies":[{"name":"wp","href":"https:\/\/api.w.org\/{rel}","templated":true}]}}