{"id":4485,"date":"2026-01-15T22:02:36","date_gmt":"2026-01-15T21:02:36","guid":{"rendered":"https:\/\/www.materdominivolley.it\/home\/?p=4485"},"modified":"2026-01-15T22:05:30","modified_gmt":"2026-01-15T21:05:30","slug":"primo-semestre-accademico-la","status":"publish","type":"post","link":"https:\/\/www.materdominivolley.it\/home\/2026\/01\/15\/primo-semestre-accademico-la\/","title":{"rendered":"Primo semestre accademico, la pallavolo secondo Luca"},"content":{"rendered":"\n<p>La stagione della <strong>Materdominivolley.it Castellana Grotte<\/strong> entra nel primo semestre di attivit\u00e0 e si ritrova a met\u00e0 stagione ad aver percorso un tratto importante del proprio cammino di crescita. La serie C e la serie D sono giunte a disputare la 13esima di campionato, in calendario per sabato 17 gennaio, con i gruppi giallobl\u00f9 U19 ed U17 rispettivamente in impegnati con Altamura in trasferta e Squinzano in casa, prima battuta alle ore 18:30. La selezione U15 di prima divisione invece sar\u00e0 impegnata domenica 18 con Santeramo. Tra i nuovi talenti dell\u2019academy al servizio di mister Domenico Farella c\u2019\u00e8 Luca Valerio, 16 anni di Bari, alla prima stagione in \u201cCasa Mater\u201d. Luca, centrale di ruolo, ricorda ancora con entusiasmo quella telefonata estiva che gli ha annunciato l\u2019accesso nel gruppo Mater: \u201c<em>Dopo un provino estivo che ho sostenuto qui a Castellana Grotte sono stato contattato telefonicamente per la conferma della mia convocazione ufficiale ed \u00e8 stato un momento di particolare gioia che ho vissuto con la mia famiglia. I miei mi hanno sempre sostenuto in questa mia grande passione sportiva ed adesso che sono qui a Casa Mater loro sono davvero molto presenti. Le giornate sono molto intense tra studio e allenamento non \u00e8 mai facile trovare altro tempo libero ma questa vita sportiva in accademia \u00e8 proprio quello che ho sempre desiderato. Il mio sogno \u00e8 continuare a crescere nella pallavolo\u201d. \u00a0\u00a0\u00a0\u00a0\u00a0<\/em><\/p>\n","protected":false},"excerpt":{"rendered":"<p>La stagione della Materdominivolley.it Castellana Grotte entra nel primo semestre di attivit\u00e0 e si ritrova a met\u00e0 stagione ad aver percorso un tratto importante del proprio cammino di crescita. La serie C e la serie D sono giunte a disputare la 13esima di campionato, in calendario per sabato 17 gennaio, con i gruppi giallobl\u00f9 U19 [&hellip;]<\/p>\n","protected":false},"author":3,"featured_media":4486,"comment_status":"open","ping_status":"closed","sticky":false,"template":"","format":"standard","meta":{"footnotes":""},"categories":[1],"tags":[],"class_list":["post-4485","post","type-post","status-publish","format-standard","has-post-thumbnail","hentry","category-senza-categoria"],"yoast_head":"<!-- This site is optimized with the Yoast SEO plugin v27.4 - https:\/\/yoast.com\/product\/yoast-seo-wordpress\/ -->\n<title>Primo semestre accademico, la pallavolo secondo Luca - materdominivolley<\/title>\n<meta name=\"robots\" content=\"index, follow, max-snippet:-1, max-image-preview:large, max-video-preview:-1\" \/>\n<link rel=\"canonical\" href=\"https:\/\/www.materdominivolley.it\/home\/2026\/01\/15\/primo-semestre-accademico-la\/\" \/>\n<meta property=\"og:locale\" content=\"it_IT\" \/>\n<meta property=\"og:type\" content=\"article\" \/>\n<meta property=\"og:title\" content=\"Primo semestre accademico, la pallavolo secondo Luca - materdominivolley\" \/>\n<meta property=\"og:description\" content=\"La stagione della Materdominivolley.it Castellana Grotte entra nel primo semestre di attivit\u00e0 e si ritrova a met\u00e0 stagione ad aver percorso un tratto importante del proprio cammino di crescita. La serie C e la serie D sono giunte a disputare la 13esima di campionato, in calendario per sabato 17 gennaio, con i gruppi giallobl\u00f9 U19 [&hellip;]\" \/>\n<meta property=\"og:url\" content=\"https:\/\/www.materdominivolley.it\/home\/2026\/01\/15\/primo-semestre-accademico-la\/\" \/>\n<meta property=\"og:site_name\" content=\"materdominivolley\" \/>\n<meta property=\"article:publisher\" content=\"https:\/\/www.facebook.com\/materdominivolleyit\/\" \/>\n<meta property=\"article:published_time\" content=\"2026-01-15T21:02:36+00:00\" \/>\n<meta property=\"article:modified_time\" content=\"2026-01-15T21:05:30+00:00\" \/>\n<meta property=\"og:image\" content=\"https:\/\/www.materdominivolley.it\/home\/wp-content\/uploads\/2026\/01\/Luca-Valerio.jpg\" \/>\n\t<meta property=\"og:image:width\" content=\"1530\" \/>\n\t<meta property=\"og:image:height\" content=\"2040\" \/>\n\t<meta property=\"og:image:type\" content=\"image\/jpeg\" \/>\n<meta name=\"author\" content=\"Ufficio Stampa\" \/>\n<meta name=\"twitter:card\" content=\"summary_large_image\" \/>\n<meta name=\"twitter:label1\" content=\"Scritto da\" \/>\n\t<meta name=\"twitter:data1\" content=\"Ufficio Stampa\" \/>\n\t<meta name=\"twitter:label2\" content=\"Tempo di lettura stimato\" \/>\n\t<meta name=\"twitter:data2\" content=\"2 minuti\" \/>\n<script type=\"application\/ld+json\" class=\"yoast-schema-graph\">{\"@context\":\"https:\\\/\\\/schema.org\",\"@graph\":[{\"@type\":\"Article\",\"@id\":\"https:\\\/\\\/www.materdominivolley.it\\\/home\\\/2026\\\/01\\\/15\\\/primo-semestre-accademico-la\\\/#article\",\"isPartOf\":{\"@id\":\"https:\\\/\\\/www.materdominivolley.it\\\/home\\\/2026\\\/01\\\/15\\\/primo-semestre-accademico-la\\\/\"},\"author\":{\"name\":\"Ufficio Stampa\",\"@id\":\"https:\\\/\\\/www.materdominivolley.it\\\/home\\\/#\\\/schema\\\/person\\\/e25e6fde79b638bfc129c166ce9b87df\"},\"headline\":\"Primo semestre accademico, la pallavolo secondo Luca\",\"datePublished\":\"2026-01-15T21:02:36+00:00\",\"dateModified\":\"2026-01-15T21:05:30+00:00\",\"mainEntityOfPage\":{\"@id\":\"https:\\\/\\\/www.materdominivolley.it\\\/home\\\/2026\\\/01\\\/15\\\/primo-semestre-accademico-la\\\/\"},\"wordCount\":232,\"commentCount\":0,\"publisher\":{\"@id\":\"https:\\\/\\\/www.materdominivolley.it\\\/home\\\/#organization\"},\"image\":{\"@id\":\"https:\\\/\\\/www.materdominivolley.it\\\/home\\\/2026\\\/01\\\/15\\\/primo-semestre-accademico-la\\\/#primaryimage\"},\"thumbnailUrl\":\"https:\\\/\\\/www.materdominivolley.it\\\/home\\\/wp-content\\\/uploads\\\/2026\\\/01\\\/Luca-Valerio.jpg\",\"inLanguage\":\"it-IT\",\"potentialAction\":[{\"@type\":\"CommentAction\",\"name\":\"Comment\",\"target\":[\"https:\\\/\\\/www.materdominivolley.it\\\/home\\\/2026\\\/01\\\/15\\\/primo-semestre-accademico-la\\\/#respond\"]}]},{\"@type\":\"WebPage\",\"@id\":\"https:\\\/\\\/www.materdominivolley.it\\\/home\\\/2026\\\/01\\\/15\\\/primo-semestre-accademico-la\\\/\",\"url\":\"https:\\\/\\\/www.materdominivolley.it\\\/home\\\/2026\\\/01\\\/15\\\/primo-semestre-accademico-la\\\/\",\"name\":\"Primo semestre accademico, la pallavolo secondo Luca - materdominivolley\",\"isPartOf\":{\"@id\":\"https:\\\/\\\/www.materdominivolley.it\\\/home\\\/#website\"},\"primaryImageOfPage\":{\"@id\":\"https:\\\/\\\/www.materdominivolley.it\\\/home\\\/2026\\\/01\\\/15\\\/primo-semestre-accademico-la\\\/#primaryimage\"},\"image\":{\"@id\":\"https:\\\/\\\/www.materdominivolley.it\\\/home\\\/2026\\\/01\\\/15\\\/primo-semestre-accademico-la\\\/#primaryimage\"},\"thumbnailUrl\":\"https:\\\/\\\/www.materdominivolley.it\\\/home\\\/wp-content\\\/uploads\\\/2026\\\/01\\\/Luca-Valerio.jpg\",\"datePublished\":\"2026-01-15T21:02:36+00:00\",\"dateModified\":\"2026-01-15T21:05:30+00:00\",\"breadcrumb\":{\"@id\":\"https:\\\/\\\/www.materdominivolley.it\\\/home\\\/2026\\\/01\\\/15\\\/primo-semestre-accademico-la\\\/#breadcrumb\"},\"inLanguage\":\"it-IT\",\"potentialAction\":[{\"@type\":\"ReadAction\",\"target\":[\"https:\\\/\\\/www.materdominivolley.it\\\/home\\\/2026\\\/01\\\/15\\\/primo-semestre-accademico-la\\\/\"]}]},{\"@type\":\"ImageObject\",\"inLanguage\":\"it-IT\",\"@id\":\"https:\\\/\\\/www.materdominivolley.it\\\/home\\\/2026\\\/01\\\/15\\\/primo-semestre-accademico-la\\\/#primaryimage\",\"url\":\"https:\\\/\\\/www.materdominivolley.it\\\/home\\\/wp-content\\\/uploads\\\/2026\\\/01\\\/Luca-Valerio.jpg\",\"contentUrl\":\"https:\\\/\\\/www.materdominivolley.it\\\/home\\\/wp-content\\\/uploads\\\/2026\\\/01\\\/Luca-Valerio.jpg\",\"width\":1530,\"height\":2040},{\"@type\":\"BreadcrumbList\",\"@id\":\"https:\\\/\\\/www.materdominivolley.it\\\/home\\\/2026\\\/01\\\/15\\\/primo-semestre-accademico-la\\\/#breadcrumb\",\"itemListElement\":[{\"@type\":\"ListItem\",\"position\":1,\"name\":\"Home\",\"item\":\"https:\\\/\\\/www.materdominivolley.it\\\/home\\\/\"},{\"@type\":\"ListItem\",\"position\":2,\"name\":\"Primo semestre accademico, la pallavolo secondo Luca\"}]},{\"@type\":\"WebSite\",\"@id\":\"https:\\\/\\\/www.materdominivolley.it\\\/home\\\/#website\",\"url\":\"https:\\\/\\\/www.materdominivolley.it\\\/home\\\/\",\"name\":\"materdominivolley\",\"description\":\"\",\"publisher\":{\"@id\":\"https:\\\/\\\/www.materdominivolley.it\\\/home\\\/#organization\"},\"potentialAction\":[{\"@type\":\"SearchAction\",\"target\":{\"@type\":\"EntryPoint\",\"urlTemplate\":\"https:\\\/\\\/www.materdominivolley.it\\\/home\\\/?s={search_term_string}\"},\"query-input\":{\"@type\":\"PropertyValueSpecification\",\"valueRequired\":true,\"valueName\":\"search_term_string\"}}],\"inLanguage\":\"it-IT\"},{\"@type\":\"Organization\",\"@id\":\"https:\\\/\\\/www.materdominivolley.it\\\/home\\\/#organization\",\"name\":\"Materdominivolley.it\",\"url\":\"https:\\\/\\\/www.materdominivolley.it\\\/home\\\/\",\"logo\":{\"@type\":\"ImageObject\",\"inLanguage\":\"it-IT\",\"@id\":\"https:\\\/\\\/www.materdominivolley.it\\\/home\\\/#\\\/schema\\\/logo\\\/image\\\/\",\"url\":\"https:\\\/\\\/www.materdominivolley.it\\\/home\\\/wp-content\\\/uploads\\\/2019\\\/10\\\/Senza-titolo-1-2.png\",\"contentUrl\":\"https:\\\/\\\/www.materdominivolley.it\\\/home\\\/wp-content\\\/uploads\\\/2019\\\/10\\\/Senza-titolo-1-2.png\",\"width\":180,\"height\":250,\"caption\":\"Materdominivolley.it\"},\"image\":{\"@id\":\"https:\\\/\\\/www.materdominivolley.it\\\/home\\\/#\\\/schema\\\/logo\\\/image\\\/\"},\"sameAs\":[\"https:\\\/\\\/www.facebook.com\\\/materdominivolleyit\\\/\"]},{\"@type\":\"Person\",\"@id\":\"https:\\\/\\\/www.materdominivolley.it\\\/home\\\/#\\\/schema\\\/person\\\/e25e6fde79b638bfc129c166ce9b87df\",\"name\":\"Ufficio Stampa\",\"image\":{\"@type\":\"ImageObject\",\"inLanguage\":\"it-IT\",\"@id\":\"https:\\\/\\\/secure.gravatar.com\\\/avatar\\\/db2f0170b2723e3fead73d7427407214a40acfba07a61bf06d633126cbeaeea7?s=96&d=mm&r=g\",\"url\":\"https:\\\/\\\/secure.gravatar.com\\\/avatar\\\/db2f0170b2723e3fead73d7427407214a40acfba07a61bf06d633126cbeaeea7?s=96&d=mm&r=g\",\"contentUrl\":\"https:\\\/\\\/secure.gravatar.com\\\/avatar\\\/db2f0170b2723e3fead73d7427407214a40acfba07a61bf06d633126cbeaeea7?s=96&d=mm&r=g\",\"caption\":\"Ufficio Stampa\"},\"url\":\"https:\\\/\\\/www.materdominivolley.it\\\/home\\\/author\\\/ufficiostampa\\\/\"}]}<\/script>\n<!-- \/ Yoast SEO plugin. -->","yoast_head_json":{"title":"Primo semestre accademico, la pallavolo secondo Luca - materdominivolley","robots":{"index":"index","follow":"follow","max-snippet":"max-snippet:-1","max-image-preview":"max-image-preview:large","max-video-preview":"max-video-preview:-1"},"canonical":"https:\/\/www.materdominivolley.it\/home\/2026\/01\/15\/primo-semestre-accademico-la\/","og_locale":"it_IT","og_type":"article","og_title":"Primo semestre accademico, la pallavolo secondo Luca - materdominivolley","og_description":"La stagione della Materdominivolley.it Castellana Grotte entra nel primo semestre di attivit\u00e0 e si ritrova a met\u00e0 stagione ad aver percorso un tratto importante del proprio cammino di crescita. La serie C e la serie D sono giunte a disputare la 13esima di campionato, in calendario per sabato 17 gennaio, con i gruppi giallobl\u00f9 U19 [&hellip;]","og_url":"https:\/\/www.materdominivolley.it\/home\/2026\/01\/15\/primo-semestre-accademico-la\/","og_site_name":"materdominivolley","article_publisher":"https:\/\/www.facebook.com\/materdominivolleyit\/","article_published_time":"2026-01-15T21:02:36+00:00","article_modified_time":"2026-01-15T21:05:30+00:00","og_image":[{"width":1530,"height":2040,"url":"https:\/\/www.materdominivolley.it\/home\/wp-content\/uploads\/2026\/01\/Luca-Valerio.jpg","type":"image\/jpeg"}],"author":"Ufficio Stampa","twitter_card":"summary_large_image","twitter_misc":{"Scritto da":"Ufficio Stampa","Tempo di lettura stimato":"2 minuti"},"schema":{"@context":"https:\/\/schema.org","@graph":[{"@type":"Article","@id":"https:\/\/www.materdominivolley.it\/home\/2026\/01\/15\/primo-semestre-accademico-la\/#article","isPartOf":{"@id":"https:\/\/www.materdominivolley.it\/home\/2026\/01\/15\/primo-semestre-accademico-la\/"},"author":{"name":"Ufficio Stampa","@id":"https:\/\/www.materdominivolley.it\/home\/#\/schema\/person\/e25e6fde79b638bfc129c166ce9b87df"},"headline":"Primo semestre accademico, la pallavolo secondo Luca","datePublished":"2026-01-15T21:02:36+00:00","dateModified":"2026-01-15T21:05:30+00:00","mainEntityOfPage":{"@id":"https:\/\/www.materdominivolley.it\/home\/2026\/01\/15\/primo-semestre-accademico-la\/"},"wordCount":232,"commentCount":0,"publisher":{"@id":"https:\/\/www.materdominivolley.it\/home\/#organization"},"image":{"@id":"https:\/\/www.materdominivolley.it\/home\/2026\/01\/15\/primo-semestre-accademico-la\/#primaryimage"},"thumbnailUrl":"https:\/\/www.materdominivolley.it\/home\/wp-content\/uploads\/2026\/01\/Luca-Valerio.jpg","inLanguage":"it-IT","potentialAction":[{"@type":"CommentAction","name":"Comment","target":["https:\/\/www.materdominivolley.it\/home\/2026\/01\/15\/primo-semestre-accademico-la\/#respond"]}]},{"@type":"WebPage","@id":"https:\/\/www.materdominivolley.it\/home\/2026\/01\/15\/primo-semestre-accademico-la\/","url":"https:\/\/www.materdominivolley.it\/home\/2026\/01\/15\/primo-semestre-accademico-la\/","name":"Primo semestre accademico, la pallavolo secondo Luca - materdominivolley","isPartOf":{"@id":"https:\/\/www.materdominivolley.it\/home\/#website"},"primaryImageOfPage":{"@id":"https:\/\/www.materdominivolley.it\/home\/2026\/01\/15\/primo-semestre-accademico-la\/#primaryimage"},"image":{"@id":"https:\/\/www.materdominivolley.it\/home\/2026\/01\/15\/primo-semestre-accademico-la\/#primaryimage"},"thumbnailUrl":"https:\/\/www.materdominivolley.it\/home\/wp-content\/uploads\/2026\/01\/Luca-Valerio.jpg","datePublished":"2026-01-15T21:02:36+00:00","dateModified":"2026-01-15T21:05:30+00:00","breadcrumb":{"@id":"https:\/\/www.materdominivolley.it\/home\/2026\/01\/15\/primo-semestre-accademico-la\/#breadcrumb"},"inLanguage":"it-IT","potentialAction":[{"@type":"ReadAction","target":["https:\/\/www.materdominivolley.it\/home\/2026\/01\/15\/primo-semestre-accademico-la\/"]}]},{"@type":"ImageObject","inLanguage":"it-IT","@id":"https:\/\/www.materdominivolley.it\/home\/2026\/01\/15\/primo-semestre-accademico-la\/#primaryimage","url":"https:\/\/www.materdominivolley.it\/home\/wp-content\/uploads\/2026\/01\/Luca-Valerio.jpg","contentUrl":"https:\/\/www.materdominivolley.it\/home\/wp-content\/uploads\/2026\/01\/Luca-Valerio.jpg","width":1530,"height":2040},{"@type":"BreadcrumbList","@id":"https:\/\/www.materdominivolley.it\/home\/2026\/01\/15\/primo-semestre-accademico-la\/#breadcrumb","itemListElement":[{"@type":"ListItem","position":1,"name":"Home","item":"https:\/\/www.materdominivolley.it\/home\/"},{"@type":"ListItem","position":2,"name":"Primo semestre accademico, la pallavolo secondo Luca"}]},{"@type":"WebSite","@id":"https:\/\/www.materdominivolley.it\/home\/#website","url":"https:\/\/www.materdominivolley.it\/home\/","name":"materdominivolley","description":"","publisher":{"@id":"https:\/\/www.materdominivolley.it\/home\/#organization"},"potentialAction":[{"@type":"SearchAction","target":{"@type":"EntryPoint","urlTemplate":"https:\/\/www.materdominivolley.it\/home\/?s={search_term_string}"},"query-input":{"@type":"PropertyValueSpecification","valueRequired":true,"valueName":"search_term_string"}}],"inLanguage":"it-IT"},{"@type":"Organization","@id":"https:\/\/www.materdominivolley.it\/home\/#organization","name":"Materdominivolley.it","url":"https:\/\/www.materdominivolley.it\/home\/","logo":{"@type":"ImageObject","inLanguage":"it-IT","@id":"https:\/\/www.materdominivolley.it\/home\/#\/schema\/logo\/image\/","url":"https:\/\/www.materdominivolley.it\/home\/wp-content\/uploads\/2019\/10\/Senza-titolo-1-2.png","contentUrl":"https:\/\/www.materdominivolley.it\/home\/wp-content\/uploads\/2019\/10\/Senza-titolo-1-2.png","width":180,"height":250,"caption":"Materdominivolley.it"},"image":{"@id":"https:\/\/www.materdominivolley.it\/home\/#\/schema\/logo\/image\/"},"sameAs":["https:\/\/www.facebook.com\/materdominivolleyit\/"]},{"@type":"Person","@id":"https:\/\/www.materdominivolley.it\/home\/#\/schema\/person\/e25e6fde79b638bfc129c166ce9b87df","name":"Ufficio Stampa","image":{"@type":"ImageObject","inLanguage":"it-IT","@id":"https:\/\/secure.gravatar.com\/avatar\/db2f0170b2723e3fead73d7427407214a40acfba07a61bf06d633126cbeaeea7?s=96&d=mm&r=g","url":"https:\/\/secure.gravatar.com\/avatar\/db2f0170b2723e3fead73d7427407214a40acfba07a61bf06d633126cbeaeea7?s=96&d=mm&r=g","contentUrl":"https:\/\/secure.gravatar.com\/avatar\/db2f0170b2723e3fead73d7427407214a40acfba07a61bf06d633126cbeaeea7?s=96&d=mm&r=g","caption":"Ufficio Stampa"},"url":"https:\/\/www.materdominivolley.it\/home\/author\/ufficiostampa\/"}]}},"_links":{"self":[{"href":"https:\/\/www.materdominivolley.it\/home\/wp-json\/wp\/v2\/posts\/4485","targetHints":{"allow":["GET"]}}],"collection":[{"href":"https:\/\/www.materdominivolley.it\/home\/wp-json\/wp\/v2\/posts"}],"about":[{"href":"https:\/\/www.materdominivolley.it\/home\/wp-json\/wp\/v2\/types\/post"}],"author":[{"embeddable":true,"href":"https:\/\/www.materdominivolley.it\/home\/wp-json\/wp\/v2\/users\/3"}],"replies":[{"embeddable":true,"href":"https:\/\/www.materdominivolley.it\/home\/wp-json\/wp\/v2\/comments?post=4485"}],"version-history":[{"count":2,"href":"https:\/\/www.materdominivolley.it\/home\/wp-json\/wp\/v2\/posts\/4485\/revisions"}],"predecessor-version":[{"id":4489,"href":"https:\/\/www.materdominivolley.it\/home\/wp-json\/wp\/v2\/posts\/4485\/revisions\/4489"}],"wp:featuredmedia":[{"embeddable":true,"href":"https:\/\/www.materdominivolley.it\/home\/wp-json\/wp\/v2\/media\/4486"}],"wp:attachment":[{"href":"https:\/\/www.materdominivolley.it\/home\/wp-json\/wp\/v2\/media?parent=4485"}],"wp:term":[{"taxonomy":"category","embeddable":true,"href":"https:\/\/www.materdominivolley.it\/home\/wp-json\/wp\/v2\/categories?post=4485"},{"taxonomy":"post_tag","embeddable":true,"href":"https:\/\/www.materdominivolley.it\/home\/wp-json\/wp\/v2\/tags?post=4485"}],"curies":[{"name":"wp","href":"https:\/\/api.w.org\/{rel}","templated":true}]}}